{"id":78633,"date":"2026-02-17T11:47:54","date_gmt":"2026-02-17T10:47:54","guid":{"rendered":"https:\/\/www.herbadiberna.ch\/?p=78633"},"modified":"2026-04-08T06:22:06","modified_gmt":"2026-04-08T05:22:06","slug":"25-anni-di-cannatrade-un-quarto-di-secolo-di-storia-della-canapa-e-noi-siamo-proprio-nel-mezzo","status":"publish","type":"post","link":"https:\/\/www.herbadiberna.ch\/it\/blog\/25-anni-di-cannatrade-un-quarto-di-secolo-di-storia-della-canapa-e-noi-siamo-proprio-nel-mezzo\/","title":{"rendered":"25 anni di CannaTrade: un quarto di secolo di storia della canapa - e noi siamo proprio nel mezzo!"},"content":{"rendered":"\n<p style=\"margin-top:0;margin-bottom:0\">Dal 29 al 31 maggio 2026, Zurigo diventer\u00e0 il centro del mondo della canapa europea. CannaTrade 2026 celebrer\u00e0 il suo 25\u00b0 anniversario nel padiglione 622. Per Herba di Berna, questa \u00e8 pi\u00f9 di una semplice fiera: \u00e8 una partita in casa, un viaggio nel tempo e uno sguardo verso il futuro.  <\/p>\n\n<p style=\"margin-top:0;margin-bottom:0\">Quando le porte del padiglione 622 si aprono a maggio, c&#8217;\u00e8 qualcosa di speciale nell&#8217;aria. 25 anni di CannaTrade significano un quarto di secolo di spirito pionieristico, resilienza e passione per una delle piante da coltivazione pi\u00f9 antiche del mondo. Non stiamo solo guardando indietro a una fiera, ma a un viaggio condiviso che ha plasmato il panorama svizzero della canapa.  <\/p>\n\n<p style=\"margin-top:0;margin-bottom:0\">Ordini i suoi <strong><a href=\"https:\/\/www.cannatrade.ch\/de\/visitors#tickets\">biglietti permanenti Early Bird<\/a><\/strong> qui ad un prezzo speciale con uno sconto del 20%.<\/p>\n\n<h2 class=\"wp-block-heading has-large-font-size\" style=\"margin-top:0;margin-bottom:0\"><strong>Una storia che unisce: Dalle borse profumate alla legalizzazione, si spera.<\/strong><\/h2>\n\n<div class=\"wp-block-media-text is-stacked-on-mobile\" style=\"grid-template-columns:31% auto\"><figure class=\"wp-block-media-text__media\"><a href=\"https:\/\/www.cannatrade.ch\/de\/visitors#tickets\"><img loading=\"lazy\" decoding=\"async\" width=\"1024\" height=\"1024\" src=\"https:\/\/www.herbadiberna.ch\/wp-content\/uploads\/\/cannatrade-geschichte-schweiz-duftsaeckli-cbd-herba-di-berna-1024x1024.jpg\" alt=\"Split-Screen-Illustration der Schweizer Hanfgeschichte: Links die Verbotszeit von 1997 mit Dufts\u00e4ckli in Schwarz-Weiss, rechts der moderne CannaTrade-Messestand von Herba di Berna in Farbe.\" class=\"wp-image-78624 size-full\" srcset=\"https:\/\/www.herbadiberna.ch\/wp-content\/uploads\/cannatrade-geschichte-schweiz-duftsaeckli-cbd-herba-di-berna-1024x1024.jpg 1024w, https:\/\/www.herbadiberna.ch\/wp-content\/uploads\/cannatrade-geschichte-schweiz-duftsaeckli-cbd-herba-di-berna-300x300.jpg 300w, https:\/\/www.herbadiberna.ch\/wp-content\/uploads\/cannatrade-geschichte-schweiz-duftsaeckli-cbd-herba-di-berna-150x150.jpg 150w, https:\/\/www.herbadiberna.ch\/wp-content\/uploads\/cannatrade-geschichte-schweiz-duftsaeckli-cbd-herba-di-berna-768x768.jpg 768w, https:\/\/www.herbadiberna.ch\/wp-content\/uploads\/cannatrade-geschichte-schweiz-duftsaeckli-cbd-herba-di-berna-324x324.jpg 324w, https:\/\/www.herbadiberna.ch\/wp-content\/uploads\/cannatrade-geschichte-schweiz-duftsaeckli-cbd-herba-di-berna-416x416.jpg 416w, https:\/\/www.herbadiberna.ch\/wp-content\/uploads\/cannatrade-geschichte-schweiz-duftsaeckli-cbd-herba-di-berna-100x100.jpg 100w, https:\/\/www.herbadiberna.ch\/wp-content\/uploads\/cannatrade-geschichte-schweiz-duftsaeckli-cbd-herba-di-berna.jpg 1080w\" sizes=\"auto, (max-width: 1024px) 100vw, 1024px\" \/><\/a><\/figure><div class=\"wp-block-media-text__content\">\n<p style=\"margin-top:0;margin-bottom:0\">La storia di CannaTrade si legge come un thriller sulla politica svizzera della canapa. Tutto \u00e8 iniziato nel 1997 con un &#8220;magazzino della canapa&#8221; ed \u00e8 culminato nel primo CannaTrade ufficiale nel 2001. Ricordiamo i tempi selvaggi delle &#8220;borse profumate&#8221;, gli anni difficili del proibizionismo, quando persino la vendita di semi era vietata, e il grande ritorno con il &#8220;boom del CBD&#8221; dal 2016.  <\/p>\n\n\n\n<p style=\"margin-top:0;margin-bottom:0\">Come parte della comunit\u00e0, abbiamo percorso questo cammino con loro. Per l&#8217;intero team di Herba di Berna, la fiera \u00e8 come una riunione di classe ogni anno. Abbiamo visto il mercato crescere, cambiare e professionalizzarsi. Per noi, il fatto che Herba di Berna sia uno <strong>sponsor di bronzo<\/strong> per il grande anniversario \u00e8 la logica conseguenza di questo rapporto di lunga data.   <\/p>\n<\/div><\/div>\n\n<h2 class=\"wp-block-heading has-large-font-size\" style=\"margin-top:0;margin-bottom:0\"><strong>Il clou: la CannaSwissCup 2026<\/strong><\/h2>\n\n<div class=\"wp-block-media-text has-media-on-the-right is-stacked-on-mobile\" style=\"grid-template-columns:auto 33%\"><div class=\"wp-block-media-text__content\">\n<p style=\"margin-top:0;margin-bottom:0\">La rinomata <a href=\"https:\/\/www.cannaswisscup.ch\/\">CannaSwissCup<\/a> \u00e8 parte integrante di questo fine settimana. Qui i migliori produttori si sfidano per conquistare la corona dei fiori di pi\u00f9 alta qualit\u00e0 in Svizzera e in Europa. Offriamo le migliori variet\u00e0 nella nostra linea <a href=\"https:\/\/www.herbadiberna.ch\/it\/select-premium-it\/\">SELECT <\/a>, in modo che i vincitori possano essere apprezzati in modo continuativo. Poich\u00e9 conosciamo e apprezziamo personalmente i fondatori Marco Kuhn e Ben Arn, sappiamo quanto cuore e anima ci sia nell&#8217;organizzazione di questa competizione neutrale.   <\/p>\n\n\n\n<p style=\"margin-top:0;margin-bottom:0\">La grande premiazione il <strong>sabato della fiera, il 30 maggio 2026<\/strong>, \u00e8 sempre un momento da pelle d&#8217;oca per l&#8217;intero settore. I migliori prodotti vengono premiati nelle categorie Indoor, Outdoor, Greenhouse e Hash. Non vediamo l&#8217;ora di vedere chi vincer\u00e0 quest&#8217;anno!  <\/p>\n<\/div><figure class=\"wp-block-media-text__media\"><a href=\"https:\/\/www.cannatrade.ch\/de\/visitors#tickets\"><img loading=\"lazy\" decoding=\"async\" width=\"1024\" height=\"1024\" src=\"https:\/\/www.herbadiberna.ch\/wp-content\/uploads\/\/cannaswisscup-2026-trophaeen-jurybox-herba-di-berna-1024x1024.jpg\" alt=\"CannaSwissCup 2026 Troph\u00e4en vor der Jurybox mit dem gesetzlich vorgeschriebenen gelben Warnhinweis: CBD kann m\u00fcde machen.\" class=\"wp-image-78612 size-full\" srcset=\"https:\/\/www.herbadiberna.ch\/wp-content\/uploads\/cannaswisscup-2026-trophaeen-jurybox-herba-di-berna-1024x1024.jpg 1024w, https:\/\/www.herbadiberna.ch\/wp-content\/uploads\/cannaswisscup-2026-trophaeen-jurybox-herba-di-berna-300x300.jpg 300w, https:\/\/www.herbadiberna.ch\/wp-content\/uploads\/cannaswisscup-2026-trophaeen-jurybox-herba-di-berna-150x150.jpg 150w, https:\/\/www.herbadiberna.ch\/wp-content\/uploads\/cannaswisscup-2026-trophaeen-jurybox-herba-di-berna-768x768.jpg 768w, https:\/\/www.herbadiberna.ch\/wp-content\/uploads\/cannaswisscup-2026-trophaeen-jurybox-herba-di-berna-324x324.jpg 324w, https:\/\/www.herbadiberna.ch\/wp-content\/uploads\/cannaswisscup-2026-trophaeen-jurybox-herba-di-berna-416x416.jpg 416w, https:\/\/www.herbadiberna.ch\/wp-content\/uploads\/cannaswisscup-2026-trophaeen-jurybox-herba-di-berna-100x100.jpg 100w, https:\/\/www.herbadiberna.ch\/wp-content\/uploads\/cannaswisscup-2026-trophaeen-jurybox-herba-di-berna.jpg 1080w\" sizes=\"auto, (max-width: 1024px) 100vw, 1024px\" \/><\/a><\/figure><\/div>\n\n<h2 class=\"wp-block-heading\" style=\"margin-top:0;margin-bottom:0\"><strong>Innovazione e diversit\u00e0: stiamo battendo nuove strade<\/strong><\/h2>\n\n<p style=\"margin-top:0;margin-bottom:0\">L&#8217;anniversario \u00e8 il momento perfetto per guardare oltre ci\u00f2 che gi\u00e0 conosciamo. Mentre il rispetto delle attuali normative svizzere costituisce la base per noi, a CannaTrade 2026 vogliamo mostrarle soprattutto quanto possa essere versatile la canapa. <\/p>\n\n<p style=\"margin-top:0;margin-bottom:0\">Mettiamo l&#8217;innovazione al centro dell&#8217;attenzione: un punto culminante sar\u00e0 il nostro nuovo approccio alla <strong>miscelazione delle erbe<\/strong>, con cui stiamo aprendo un terreno sensoriale completamente nuovo. Inoltre, presenteremo interessanti innovazioni nei nostri tessuti e la guideremo attraverso la nostra gamma di <a href=\"https:\/\/www.herbadiberna.ch\/it\/prodotti-per-la-cura-del-cbd\/\" target=\"_blank\" rel=\"noreferrer noopener\">cosmetici alla canapa<\/a>, in continua crescita. Venga a trovarci allo stand 148 e provi come stiamo costantemente plasmando la nostra passione per la pianta in nuove forme - dai tessuti sostenibili ai moderni prodotti per la cura.  <\/p>\n\n<h2 class=\"wp-block-heading has-large-font-size\" style=\"margin-top:0;margin-bottom:0\"><strong>Il suo vantaggio esclusivo per CannaTrade 2026<\/strong><\/h2>\n\n<div class=\"wp-block-media-text is-stacked-on-mobile\" style=\"grid-template-columns:31% auto\"><figure class=\"wp-block-media-text__media\"><a href=\"https:\/\/www.cannatrade.ch\/de\/visitors#tickets\"><img loading=\"lazy\" decoding=\"async\" width=\"1024\" height=\"1024\" src=\"https:\/\/www.herbadiberna.ch\/wp-content\/uploads\/cannatrade-2026-gutschein-herba-di-berna.jpg\" alt=\"20% Rabatt Gutscheincode CT-HERBADIEBERNA-20 f\u00fcr CannaTrade 2026 Tickets in Z\u00fcrich, pr\u00e4sentiert von Herba di Berna.\" class=\"wp-image-78608 size-full\" srcset=\"https:\/\/www.herbadiberna.ch\/wp-content\/uploads\/cannatrade-2026-gutschein-herba-di-berna.jpg 1024w, https:\/\/www.herbadiberna.ch\/wp-content\/uploads\/cannatrade-2026-gutschein-herba-di-berna-300x300.jpg 300w, https:\/\/www.herbadiberna.ch\/wp-content\/uploads\/cannatrade-2026-gutschein-herba-di-berna-150x150.jpg 150w, https:\/\/www.herbadiberna.ch\/wp-content\/uploads\/cannatrade-2026-gutschein-herba-di-berna-768x768.jpg 768w, https:\/\/www.herbadiberna.ch\/wp-content\/uploads\/cannatrade-2026-gutschein-herba-di-berna-324x324.jpg 324w, https:\/\/www.herbadiberna.ch\/wp-content\/uploads\/cannatrade-2026-gutschein-herba-di-berna-416x416.jpg 416w, https:\/\/www.herbadiberna.ch\/wp-content\/uploads\/cannatrade-2026-gutschein-herba-di-berna-100x100.jpg 100w\" sizes=\"auto, (max-width: 1024px) 100vw, 1024px\" \/><\/a><\/figure><div class=\"wp-block-media-text__content\">\n<p style=\"margin-top:0;margin-bottom:0\">Vogliamo che festeggi questo anniversario storico con noi. In qualit\u00e0 di sponsor, abbiamo assicurato un contingente speciale per lei: <\/p>\n\n\n\n<p style=\"margin-top:0;margin-bottom:0\"><strong>Scambio personale:<\/strong> venga a trovarci al nostro stand! Il team non vede l&#8217;ora di parlare con lei delle nostre ultime variet\u00e0 indoor o del futuro della canapa svizzera. <\/p>\n\n\n\n<p style=\"margin-top:0;margin-bottom:0\"><strong><a href=\"https:\/\/www.cannatrade.ch\/de\/visitors#tickets\">Biglietti Early Bird permanenti<\/a>:<\/strong> Nel nostro negozio, pu\u00f2 prenotare il suo biglietto ad un prezzo preferenziale permanente. Mentre i prezzi su altre piattaforme aumentano nel tempo, la nostra offerta rimane stabile per lei.<br\/>Il nostro codice voucher \u00e8: <\/p>\n\n\n\n<p class=\"has-medium-font-size\" style=\"margin-top:0;margin-bottom:0\"><br\/><strong>CT-HERBADIEBERNA-20<\/strong><\/p>\n\n\n\n<p style=\"margin-top:0;margin-bottom:0\">con questo ottiene uno sconto del 20% sul biglietto.<\/p>\n<\/div><\/div>\n\n<h2 class=\"wp-block-heading\" style=\"margin-top:0;margin-bottom:0\"><strong>Si prepari ora per CannaTrade 2026<\/strong> <strong>si prepari<\/strong><\/h2>\n\n<p style=\"margin-top:0;margin-bottom:0\">Per ingannare l&#8217;attesa fino a maggio, nel nostro negozio trover\u00e0 tutto ci\u00f2 che le serve per un divertimento perfetto. Sia che cerchi un <a href=\"https:\/\/www.herbadiberna.ch\/it\/vaporizzatori\/\">vape <\/a>per vaporizzare pi\u00f9 sano per rilassarsi, che voglia provare i nostri <a href=\"https:\/\/www.herbadiberna.ch\/cbd-blueten-kaufen-schweiz\/\" target=\"_blank\" rel=\"noreferrer noopener\">fiori aromatici di CBD<\/a> o che voglia <a href=\"https:\/\/www.herbadiberna.ch\/it\/trim-it\/\" target=\"_blank\" rel=\"noreferrer noopener\">acquistare un assetto CBD<\/a> a basso costo per la sua prossima sessione - consegniamo la qualit\u00e0 bernese direttamente a casa sua e, soprattutto, pu\u00f2 ordinare oggi e riceverlo nella cassetta delle lettere domani. Abbiamo anche una copertura: i nostri <a href=\"https:\/\/www.herbadiberna.ch\/it\/prodotti-per-la-cura-del-cbd\/\" target=\"_blank\" rel=\"noreferrer noopener\">cosmetici alla canapa<\/a> sono un consiglio da insider per rilassarsi dopo una lunga giornata in fiera, e naturalmente qui trover\u00e0 anche gli <a href=\"https:\/\/www.herbadiberna.ch\/it\/accessori-cbd\/\">accessori CBD<\/a> giusti.  <\/p>\n\n<div class=\"wp-block-pb-accordion-item c-accordion__item js-accordion-item no-js\" data-initially-open=\"false\" data-click-to-close=\"true\" data-auto-close=\"true\" data-scroll=\"false\" data-scroll-offset=\"0\"><h2 id=\"at-779030\" class=\"c-accordion__title js-accordion-controller\" role=\"button\"><strong>FAQ zum Jubil\u00e4um und der CannaTrade 2026<\/strong><\/h2><div id=\"ac-779030\" class=\"c-accordion__content\">\n<div class=\"wp-block-columns is-layout-flex wp-container-core-columns-is-layout-28f84493 wp-block-columns-is-layout-flex\">\n<div class=\"wp-block-column is-layout-flow wp-block-column-is-layout-flow\">\n<div class=\"wp-block-pb-accordion-item c-accordion__item js-accordion-item no-js\" data-initially-open=\"false\" data-click-to-close=\"true\" data-auto-close=\"true\" data-scroll=\"false\" data-scroll-offset=\"0\"><h3 id=\"at-779031\" class=\"c-accordion__title js-accordion-controller\" role=\"button\"><strong>Wo kann ich die Tickets zum Early-Bird-Preis kaufen?<\/strong><\/h3><div id=\"ac-779031\" class=\"c-accordion__content\">\n<p>Pu\u00f2 ordinare i biglietti scontati permanenti Early Bird per CannaTrade 2026 direttamente da <a href=\"https:\/\/www.cannatrade.ch\/de\/visitors#tickets\">Cannatrade <\/a>utilizzando il nostro codice voucher. In questo modo avr\u00e0 accesso al centro espositivo nel padiglione 622 di Zurigo con uno sconto del 20% fino ad esaurimento scorte. <\/p>\n<\/div><\/div>\n\n\n\n<div class=\"wp-block-pb-accordion-item c-accordion__item js-accordion-item no-js\" data-initially-open=\"false\" data-click-to-close=\"true\" data-auto-close=\"true\" data-scroll=\"false\" data-scroll-offset=\"0\"><h3 id=\"at-779032\" class=\"c-accordion__title js-accordion-controller\" role=\"button\"><strong>Was erwartet mich am Stand von Herba di Berna?<\/strong><\/h3><div id=\"ac-779032\" class=\"c-accordion__content\">\n<p>Oltre ai nostri classici, presenteremo approfondimenti esclusivi sui seguenti prodotti e offerte speciali per la fiera, in occasione del nostro 25\u00b0 anniversario. Attribuiamo grande importanza alla trasparenza e siamo lieti di mostrarle come combiniamo qualit\u00e0 e sostenibilit\u00e0 nei nostri fiori e oli. <\/p>\n<\/div><\/div>\n<\/div>\n\n\n\n<div class=\"wp-block-column is-layout-flow wp-block-column-is-layout-flow\">\n<div class=\"wp-block-pb-accordion-item c-accordion__item js-accordion-item no-js\" data-initially-open=\"false\" data-click-to-close=\"true\" data-auto-close=\"true\" data-scroll=\"false\" data-scroll-offset=\"0\"><h3 id=\"at-779033\" class=\"c-accordion__title js-accordion-controller\" role=\"button\"><strong>Wann werden die Gewinner des CannaSwissCup bekannt gegeben?<\/strong><\/h3><div id=\"ac-779033\" class=\"c-accordion__content\">\n<p style=\"margin-top:0;margin-bottom:0\">La grande premiazione avr\u00e0 luogo sabato 30 maggio 2026, direttamente a CannaTrade. I migliori prodotti provenienti da tutta la Svizzera e ora anche dall&#8217;Europa saranno premiati in quella sede. <\/p>\n<\/div><\/div>\n\n\n\n<div class=\"wp-block-pb-accordion-item c-accordion__item js-accordion-item no-js\" data-initially-open=\"false\" data-click-to-close=\"true\" data-auto-close=\"true\" data-scroll=\"false\" data-scroll-offset=\"0\"><h3 id=\"at-779034\" class=\"c-accordion__title js-accordion-controller\" role=\"button\"><strong>Warum ist die CannaTrade 2026 so besonders?<\/strong><\/h3><div id=\"ac-779034\" class=\"c-accordion__content\">\n<p style=\"margin-top:0;margin-bottom:0\">L&#8217;edizione 2026 segna il 25\u00b0 anniversario della fiera, rendendola la pi\u00f9 antica fiera della canapa in Europa. Oltre a ripercorrere la movimentata storia dagli anni &#8217;90 ad oggi, ci sar\u00e0 un vero e proprio evento clou: secondo gli addetti ai lavori, torneranno molte aziende tradizionali che non partecipano a Trade da molto tempo. Sar\u00e0 quindi un incontro particolarmente vario dell&#8217;intera scena della canapa, da non perdere!  <\/p>\n<\/div><\/div>\n<\/div>\n<\/div>\n<\/div><\/div>\n\n<h2 class=\"wp-block-heading\"><strong>Fonti e ulteriori link<\/strong><\/h2>\n\n<p><strong><a href=\"https:\/\/www.cannatrade.ch\/de\/\">CannaTrade<\/a>:<\/strong> sito ufficiale della fiera con programma e pianta dei padiglioni.<\/p>\n\n<p><strong><a href=\"https:\/\/www.cannaswisscup.ch\/\">CannaSwissCup<\/a>:<\/strong> informazioni sulla premiazione e sulle categorie.  <\/p>\n","protected":false},"excerpt":{"rendered":"<p>Dal 29 al 31 maggio 2026, Zurigo diventer\u00e0 il centro del mondo della canapa europea. CannaTrade 2026 celebrer\u00e0 il suo 25\u00b0 anniversario nel padiglione 622. Per Herba di Berna, questa \u00e8 pi\u00f9 di una semplice fiera: \u00e8 una partita in casa, un viaggio nel tempo e uno sguardo verso il futuro. Quando le porte del [&hellip;]<\/p>\n","protected":false},"author":1147,"featured_media":78620,"comment_status":"closed","ping_status":"closed","sticky":false,"template":"","format":"standard","meta":{"inline_featured_image":false,"footnotes":""},"categories":[552,199],"tags":[],"class_list":["post-78633","post","type-post","status-publish","format-standard","has-post-thumbnail","hentry","category-conoscenza","category-notizie"],"_links":{"self":[{"href":"https:\/\/www.herbadiberna.ch\/it\/wp-json\/wp\/v2\/posts\/78633","targetHints":{"allow":["GET"]}}],"collection":[{"href":"https:\/\/www.herbadiberna.ch\/it\/wp-json\/wp\/v2\/posts"}],"about":[{"href":"https:\/\/www.herbadiberna.ch\/it\/wp-json\/wp\/v2\/types\/post"}],"author":[{"embeddable":true,"href":"https:\/\/www.herbadiberna.ch\/it\/wp-json\/wp\/v2\/users\/1147"}],"replies":[{"embeddable":true,"href":"https:\/\/www.herbadiberna.ch\/it\/wp-json\/wp\/v2\/comments?post=78633"}],"version-history":[{"count":3,"href":"https:\/\/www.herbadiberna.ch\/it\/wp-json\/wp\/v2\/posts\/78633\/revisions"}],"predecessor-version":[{"id":82569,"href":"https:\/\/www.herbadiberna.ch\/it\/wp-json\/wp\/v2\/posts\/78633\/revisions\/82569"}],"wp:featuredmedia":[{"embeddable":true,"href":"https:\/\/www.herbadiberna.ch\/it\/wp-json\/wp\/v2\/media\/78620"}],"wp:attachment":[{"href":"https:\/\/www.herbadiberna.ch\/it\/wp-json\/wp\/v2\/media?parent=78633"}],"wp:term":[{"taxonomy":"category","embeddable":true,"href":"https:\/\/www.herbadiberna.ch\/it\/wp-json\/wp\/v2\/categories?post=78633"},{"taxonomy":"post_tag","embeddable":true,"href":"https:\/\/www.herbadiberna.ch\/it\/wp-json\/wp\/v2\/tags?post=78633"}],"curies":[{"name":"wp","href":"https:\/\/api.w.org\/{rel}","templated":true}]}}