{"id":56863,"date":"2025-01-12T05:29:52","date_gmt":"2025-01-12T04:29:52","guid":{"rendered":"https:\/\/www.herbadiberna.ch\/legalizzazione-della-cannabis-ancora-una-volta-un-tema-al-bundestag\/"},"modified":"2025-12-02T12:36:04","modified_gmt":"2025-12-02T11:36:04","slug":"legalizzazione-della-cannabis-ancora-una-volta-un-tema-al-bundestag","status":"publish","type":"post","link":"https:\/\/www.herbadiberna.ch\/it\/blog\/legalizzazione-della-cannabis-ancora-una-volta-un-tema-al-bundestag\/","title":{"rendered":"Legalizzazione della cannabis - CBD e THC ancora una volta un topic nel Bundestag"},"content":{"rendered":"\n<p>Il Bundestag ha recentemente discusso una mozione del gruppo parlamentare CDU\/CSU in un dibattito di attualit\u00e0. Il gruppo parlamentare chiede la revoca della legalizzazione della cannabis per quanto riguarda il CBD e il THC. La CDU\/CSU \u00e8 molto critica nei confronti della legalizzazione parziale in vigore dal 1\u00b0 aprile 2024 e ha annunciato che la revocher\u00e0 se andr\u00e0 al potere.  <\/p>\n\n<h2 class=\"wp-block-heading\">Perch\u00e9 l&#8217;Unione \u00e8 contraria alla legalizzazione del THC<\/h2>\n\n<p>Friedrich Merz, presidente della <a href=\"https:\/\/de.wikipedia.org\/wiki\/Christlich_Demokratische_Union_Deutschlands\">CDU<\/a>, ha dichiarato:<\/p>\n\n<blockquote class=\"wp-block-quote is-layout-flow wp-block-quote-is-layout-flow\">\n<p>&#8220;La criminalit\u00e0 organizzata sarebbe incoraggiata dalla diffusione di cannabis contenente THC, cos\u00ec come la criminalit\u00e0 di gruppo&#8221;.<\/p>\n<\/blockquote>\n\n<p>Sottolinea inoltre la minaccia alla sicurezza interna. Questa valutazione \u00e8 condivisa dall&#8217;Associazione Medica Tedesca, che sottolinea i rischi per la salute e chiede una regolamentazione pi\u00f9 severa. <\/p>\n\n<pre class=\"wp-block-verse\">Per saperne di pi\u00f9 sulle critiche dell'Associazione Medica Tedesca e sull'invito a ritirare la legalizzazione <a href=\"https:\/\/www.bundesaerztekammer.de\/\">, clicca qui.<\/a><\/pre>\n\n<h3 class=\"wp-block-heading\">Gli argomenti pi\u00f9 importanti dei critici:<\/h3>\n\n<ul class=\"wp-block-list\">\n<li>Il crimine organizzato si sta rafforzando.<\/li>\n\n\n\n<li>Rischi per la salute derivanti dal consumo di cannabis.<\/li>\n\n\n\n<li>Effetti negativi sulla sicurezza interna.<\/li>\n<\/ul>\n\n<h2 class=\"wp-block-heading\">Il punto di vista della coalizione del semaforo su THC e CBD<\/h2>\n\n<p>La legalizzazione \u00e8 difesa dall&#8217;SPD, dai Verdi e dall&#8217;<a href=\"https:\/\/de.wikipedia.org\/wiki\/FDP\">FDP <\/a>. A loro avviso, la misura porta a una depenalizzazione dei consumatori, attesa da tempo, e aiuta a frenare il mercato nero.<\/p>\n\n<p>Secondo il Ministro Federale della Salute Karl Lauterbach, la legge di legalizzazione \u00e8 soggetta a chiare restrizioni, in particolare per garantire la protezione dei minori.<\/p>\n\n<pre class=\"wp-block-verse\">Ulteriori punti a favore, come il fatto che la cannabis favorisce la capacit\u00e0 di pensare e pu\u00f2 avere effetti rigeneranti, possono essere trovati <a href=\"https:\/\/www.welt.de\/kmpkt\/article253382196\/Cannabis-als-Jungbrunnen-THC-soll-positive-Effekte-auf-das-Altern-haben.html\">qui<\/a>.<\/pre>\n\n<h3 class=\"wp-block-heading\">Vantaggi enfatizzati dal governo:<\/h3>\n\n<ul class=\"wp-block-list\">\n<li>Alleggerire il carico della magistratura e della polizia attraverso la depenalizzazione<\/li>\n\n\n\n<li>Ridurre le rotte del commercio illegale<\/li>\n\n\n\n<li>Regole chiare per proteggere i giovani<\/li>\n<\/ul>\n<div class=\"wp-block-image\">\n<figure class=\"alignleft size-full\"><a href=\"https:\/\/www.herbadiberna.ch\/it\/\"><img loading=\"lazy\" decoding=\"async\" width=\"1024\" height=\"1024\" src=\"https:\/\/www.herbadiberna.ch\/wp-content\/uploads\/erneut_im_Bundestag_fliesstext-1.webp\" alt=\"Una persona rilassata tiene in mano un fiore di CBD, accanto a una bottiglia di olio di CBD su un tavolo di legno, circondato da luci rilassanti e decorazioni naturali.\" class=\"wp-image-56854\" srcset=\"https:\/\/www.herbadiberna.ch\/wp-content\/uploads\/erneut_im_Bundestag_fliesstext-1.webp 1024w, https:\/\/www.herbadiberna.ch\/wp-content\/uploads\/erneut_im_Bundestag_fliesstext-1-300x300.webp 300w, https:\/\/www.herbadiberna.ch\/wp-content\/uploads\/erneut_im_Bundestag_fliesstext-1-150x150.webp 150w, https:\/\/www.herbadiberna.ch\/wp-content\/uploads\/erneut_im_Bundestag_fliesstext-1-768x768.webp 768w, https:\/\/www.herbadiberna.ch\/wp-content\/uploads\/erneut_im_Bundestag_fliesstext-1-324x324.webp 324w, https:\/\/www.herbadiberna.ch\/wp-content\/uploads\/erneut_im_Bundestag_fliesstext-1-416x416.webp 416w, https:\/\/www.herbadiberna.ch\/wp-content\/uploads\/erneut_im_Bundestag_fliesstext-1-100x100.webp 100w\" sizes=\"auto, (max-width: 1024px) 100vw, 1024px\" \/><\/a><figcaption class=\"wp-element-caption\">Prodotti a base di CBD per un maggiore benessere e relax - naturali, di alta qualit\u00e0 e provenienti dalla Svizzera.<\/figcaption><\/figure>\n<\/div>\n<h2 class=\"wp-block-heading\">Un paese diviso<\/h2>\n\n<p>Il dibattito sul THC e sul CBD rivela profonde differenze sociali e politiche in Germania. I fautori della legalizzazione sostengono la responsabilit\u00e0 personale e la libert\u00e0, mentre gli oppositori concentrano le loro argomentazioni sulle conseguenze sociali e sulla salute a lungo termine. <\/p>\n\n<h2 class=\"wp-block-heading\">Una conclusione con un risultato aperto<\/h2>\n\n<p>La possibilit\u00e0 che la legalizzazione si realizzi o meno dipende in larga misura dagli sviluppi politici dei prossimi anni. La discussione illustra quanto siano diverse le priorit\u00e0 dei partiti su questo tema. <\/p>\n\n<p>Fonte:  <\/p>\n\n<p><a href=\"https:\/\/www.bundesaerztekammer.de\/\">Associazione Medica Tedesca<\/a><\/p>\n\n<p><a href=\"https:\/\/www.wissenschaft.de\/\">wissenschaft.de<\/a><\/p>\n\n<p><\/p>\n","protected":false},"excerpt":{"rendered":"<p>Il Bundestag ha recentemente discusso una mozione del gruppo parlamentare CDU\/CSU in un dibattito di attualit\u00e0. Il gruppo parlamentare chiede la revoca della legalizzazione della cannabis per quanto riguarda il CBD e il THC. La CDU\/CSU \u00e8 molto critica nei confronti della legalizzazione parziale in vigore dal 1\u00b0 aprile 2024 e ha annunciato che la [&hellip;]<\/p>\n","protected":false},"author":963,"featured_media":56849,"comment_status":"closed","ping_status":"closed","sticky":false,"template":"","format":"standard","meta":{"inline_featured_image":false,"footnotes":""},"categories":[552,199,550,551,614],"tags":[1276,213,1275,1274,1277,306],"class_list":["post-56863","post","type-post","status-publish","format-standard","has-post-thumbnail","hentry","category-conoscenza","category-notizie","category-politica","category-protezione-dei-consumatori","category-sfondo","tag-acquista-il-cbd","tag-cbd-it","tag-cbd-svizzera","tag-cbd-bern-it","tag-comprare-cbd-svizzera","tag-olio-di-cbd"],"_links":{"self":[{"href":"https:\/\/www.herbadiberna.ch\/it\/wp-json\/wp\/v2\/posts\/56863","targetHints":{"allow":["GET"]}}],"collection":[{"href":"https:\/\/www.herbadiberna.ch\/it\/wp-json\/wp\/v2\/posts"}],"about":[{"href":"https:\/\/www.herbadiberna.ch\/it\/wp-json\/wp\/v2\/types\/post"}],"author":[{"embeddable":true,"href":"https:\/\/www.herbadiberna.ch\/it\/wp-json\/wp\/v2\/users\/963"}],"replies":[{"embeddable":true,"href":"https:\/\/www.herbadiberna.ch\/it\/wp-json\/wp\/v2\/comments?post=56863"}],"version-history":[{"count":3,"href":"https:\/\/www.herbadiberna.ch\/it\/wp-json\/wp\/v2\/posts\/56863\/revisions"}],"predecessor-version":[{"id":73363,"href":"https:\/\/www.herbadiberna.ch\/it\/wp-json\/wp\/v2\/posts\/56863\/revisions\/73363"}],"wp:featuredmedia":[{"embeddable":true,"href":"https:\/\/www.herbadiberna.ch\/it\/wp-json\/wp\/v2\/media\/56849"}],"wp:attachment":[{"href":"https:\/\/www.herbadiberna.ch\/it\/wp-json\/wp\/v2\/media?parent=56863"}],"wp:term":[{"taxonomy":"category","embeddable":true,"href":"https:\/\/www.herbadiberna.ch\/it\/wp-json\/wp\/v2\/categories?post=56863"},{"taxonomy":"post_tag","embeddable":true,"href":"https:\/\/www.herbadiberna.ch\/it\/wp-json\/wp\/v2\/tags?post=56863"}],"curies":[{"name":"wp","href":"https:\/\/api.w.org\/{rel}","templated":true}]}}