{"id":55637,"date":"2024-12-06T11:14:10","date_gmt":"2024-12-06T10:14:10","guid":{"rendered":"https:\/\/www.herbadiberna.ch\/cosa-succedera-con-la-legge-sulla-cannabis-una-valutazione-di-peter-homberg\/"},"modified":"2025-12-02T12:46:16","modified_gmt":"2025-12-02T11:46:16","slug":"cosa-succedera-con-la-legge-sulla-cannabis-una-valutazione-di-peter-homberg","status":"publish","type":"post","link":"https:\/\/www.herbadiberna.ch\/it\/blog\/cosa-succedera-con-la-legge-sulla-cannabis-una-valutazione-di-peter-homberg\/","title":{"rendered":"Legge sulla cannabis: abolizione o adattamento? Una valutazione di Peter Homberg&#8221;"},"content":{"rendered":"\n<p><br\/>La legge sulla cannabis pu\u00f2 essere abolita cos\u00ec facilmente? Secondo Peter Homberg, una completa abolizione della legge sulla cannabis \u00e8 piuttosto improbabile. Nella sua valutazione, spiega perch\u00e9 gli ostacoli legali e politici rendono pi\u00f9 difficile un&#8217;inversione di rotta nella politica sulla cannabis.  <br\/><\/p>\n\n<p>Abolizione della legge sulla cannabis Valutazione di Homberg?<br\/>La corsa politica rimane tesa e procede a pieno ritmo, e la <a href=\"https:\/\/de.wikipedia.org\/wiki\/Christlich_Demokratische_Union_Deutschlands\">CDU<\/a> ha gi\u00e0 annunciato la sua intenzione di abrogare la Legge sulla Cannabis (CanG) se dovesse assumere il governo. Condividiamo la valutazione di Homberg e, secondo lui, questo scenario \u00e8 piuttosto irrealistico. Ma quanto \u00e8 realistico questo scenario? Peter Homberg, avvocato specializzato in cannabis, ha fornito una valutazione fondata su krautinvest.de. Qui riassumiamo i punti pi\u00f9 importanti per lei.<br\/><br\/>La legge sulla cannabis pu\u00f2 essere abolita cos\u00ec facilmente?<br\/>Se si ascolta attentamente Homberg, egli ritiene che una completa abolizione della <a href=\"https:\/\/www.bundesregierung.de\/breg-de\/aktuelles\/cannabis-legalisierung-2213640#:~:text=Der%20Besitz%20von%20bis%20zu,f%C3%BCr%20Konsumcannabis%20und%20f%C3%BCr%20Anbauvereinigungen.\">legge sulla cannabis<\/a> sia piuttosto improbabile. Anche se la <a href=\"https:\/\/de.wikipedia.org\/wiki\/Christlich_Demokratische_Union_Deutschlands\">CDU <\/a>potesse essere al governo in futuro, dovrebbe fare affidamento su un partner di coalizione per ribaltare la situazione con una maggioranza di almeno il 50% - ed \u00e8 discutibile se questi partner sosterrebbero una completa inversione di tendenza nella politica sulla cannabis. Inoltre, esistono gi\u00e0 numerose associazioni di coltivazione che hanno una licenza di diversi anni, e sarebbe quasi impossibile attuare legalmente il ritiro di queste licenze.<\/p>\n<div class=\"wp-block-image\">\n<figure class=\"aligncenter size-large\"><a href=\"https:\/\/www.bundesgesundheitsministerium.de\/themen\/cannabis\/faq-cannabisgesetz.html#:~:text=Cannabis%20und%20nichtsynthetisches%20THC%20sind,THC%20%2DGehalt%20und%20Herkunft%20straffrei.\"><img loading=\"lazy\" decoding=\"async\" width=\"1024\" height=\"640\" src=\"https:\/\/www.herbadiberna.ch\/wp-content\/uploads\/\/rechtliche-entwicklung-cannabis-gesetz-deutschland-1024x640.png\" alt=\"Vista dettagliata di un libro di legge con foglie di cannabis come simbolo dello sviluppo legale della cannabis.\" class=\"wp-image-55619\" srcset=\"https:\/\/www.herbadiberna.ch\/wp-content\/uploads\/rechtliche-entwicklung-cannabis-gesetz-deutschland-1024x640.png 1024w, https:\/\/www.herbadiberna.ch\/wp-content\/uploads\/rechtliche-entwicklung-cannabis-gesetz-deutschland-300x188.png 300w, https:\/\/www.herbadiberna.ch\/wp-content\/uploads\/rechtliche-entwicklung-cannabis-gesetz-deutschland-768x480.png 768w, https:\/\/www.herbadiberna.ch\/wp-content\/uploads\/rechtliche-entwicklung-cannabis-gesetz-deutschland-416x260.png 416w, https:\/\/www.herbadiberna.ch\/wp-content\/uploads\/rechtliche-entwicklung-cannabis-gesetz-deutschland.png 1280w\" sizes=\"auto, (max-width: 1024px) 100vw, 1024px\" \/><\/a><\/figure>\n<\/div>\n<p><br\/><br\/>Abolizione del Cannabis Act Homberg dice giustamente: &#8220;Non \u00e8 possibile riportare completamente lo spirito del <a href=\"https:\/\/www.bundesgesundheitsministerium.de\/themen\/cannabis\/faq-cannabisgesetz.html#:~:text=Cannabis%20und%20nichtsynthetisches%20THC%20sind,THC%20%2DGehalt%20und%20Herkunft%20straffrei.\">CanG <\/a>nella bottiglia&#8221;. Tuttavia, le modifiche potrebbero riguardare i dettagli, come la quantit\u00e0 di cannabis consentita che pu\u00f2 essere trasportata o conservata.<br\/><br\/>Cosa potrebbe cambiare per i cannabis club?<br\/>Sebbene i club esistenti verrebbero probabilmente protetti, un nuovo governo potrebbe aumentare gli ostacoli amministrativi per i nuovi club. Sarebbero inoltre ipotizzabili restrizioni sulla coltivazione domestica o modifiche al quadro giuridico delle associazioni di coltivazione. Tuttavia, una completa abolizione della legalizzazione parziale sembra politicamente e legalmente irrealistica.  <br\/><br\/>Cannabis medica: l&#8217;accesso rimarr\u00e0 in vigore?<br\/>Un altro tema caldo \u00e8 l&#8217;accesso alla <a href=\"https:\/\/www.herbadiberna.ch\/it\/blog\/progetti-pilota-sulla-cannabis-e-loro-stato-attuale\/\">cannabis<\/a> medica, che \u00e8 regolata dal MedCanG. Homberg non vede alcun motivo di preoccupazione. La <a href=\"https:\/\/www.herbadiberna.ch\/it\/blog\/perche-la-cannabis-puo-influire-sul-nostro-sistema-endocannabinoide\/\">cannabis <\/a>rimane soggetta a prescrizione medica e non sar\u00e0 riclassificata come stupefacente. La recente liberalizzazione, in particolare, che ha facilitato l&#8217;accesso dei pazienti SHI, renderebbe quasi inconcepibile un declassamento.<\/p>\n<div class=\"wp-block-image\">\n<figure class=\"aligncenter size-large\"><a href=\"https:\/\/www.bag.admin.ch\/bag\/de\/home\/medizin-und-forschung\/heilmittel\/med-anwend-cannabis.html#:~:text=Cannabis%20ist%20in%20der%20Schweiz,jedoch%20im%20August%202022%20aufgehoben.&amp;text=Unter%20Cannabisarzneimittel%20versteht%20man%20die,unabh%C3%A4ngig%20von%20der%20rechtlichen%20Einstufung.\"><img loading=\"lazy\" decoding=\"async\" width=\"1024\" height=\"640\" src=\"https:\/\/www.herbadiberna.ch\/wp-content\/uploads\/\/rechtliche-entwicklung-cannabis-gesetz-deutschland-3-1024x640.png\" alt=\"Un blocco per appunti con note legali e un fiore di cannabis, che tematizza la legge sulla cannabis.\" class=\"wp-image-55632\" srcset=\"https:\/\/www.herbadiberna.ch\/wp-content\/uploads\/rechtliche-entwicklung-cannabis-gesetz-deutschland-3-1024x640.png 1024w, https:\/\/www.herbadiberna.ch\/wp-content\/uploads\/rechtliche-entwicklung-cannabis-gesetz-deutschland-3-300x188.png 300w, https:\/\/www.herbadiberna.ch\/wp-content\/uploads\/rechtliche-entwicklung-cannabis-gesetz-deutschland-3-768x480.png 768w, https:\/\/www.herbadiberna.ch\/wp-content\/uploads\/rechtliche-entwicklung-cannabis-gesetz-deutschland-3-416x260.png 416w, https:\/\/www.herbadiberna.ch\/wp-content\/uploads\/rechtliche-entwicklung-cannabis-gesetz-deutschland-3.png 1280w\" sizes=\"auto, (max-width: 1024px) 100vw, 1024px\" \/><\/a><\/figure>\n<\/div>\n<p><br\/><br\/>Tuttavia, potrebbe esserci un cambiamento nelle pratiche di prescrizione telematica. Rimane incerto se i medici di altri paesi dell&#8217;UE potranno continuare a rilasciare prescrizioni per i pazienti tedeschi. In futuro potrebbero esserci norme pi\u00f9 chiare in merito.  <br\/><br\/>Viene cucinato molto pi\u00f9 caldo di come viene mangiato?<br\/>In effetti, gran parte di ci\u00f2 che viene attualmente annunciato in campagna elettorale sembra esagerato. Homberg \u00e8 convinto che i cambiamenti effettivi - a seconda del partner di coalizione - saranno meno drastici delle attuali minacce dei partiti conservatori. Vede poco spazio per grandi battute d&#8217;arresto, in particolare nel settore della <a href=\"https:\/\/www.herbadiberna.ch\/it\/blog\/progetti-pilota-sulla-cannabis-e-loro-stato-attuale\/\">cannabis <\/a>terapeutica.  <br\/><br\/><a href=\"https:\/\/www.herbadiberna.ch\/it\/\">Herba di Berna<\/a> - il suo partner per informazioni affidabili<br\/>Noi di Herba di Berna seguiamo da vicino gli sviluppi della politica sulla cannabis e siamo a disposizione per fornirle consigli e supporto. Grazie alla nostra competenza e alla nostra esperienza personale, siamo a sua disposizione, sia che abbia domande di carattere legale sia che debba selezionare i prodotti giusti. Insieme teniamo il polso della situazione e ci assicuriamo che lei sia ben informato.<br\/><br\/>Resta tranquillo: siamo qui per te! \ud83c\udf31<br\/><br\/>Fonte di riferimento:<br\/><a href=\"https:\/\/krautinvest.de\/die-umsetzungsplaene-zur-zweiten-saeule-der-cannabislegalisierung-ein-ausblick\/\">Intervista a Peter Homberg su krautinvest.de, pubblicata nel novembre 2024.<br\/><\/a><br\/><\/p>\n\n<p><\/p>\n","protected":false},"excerpt":{"rendered":"<p>La legge sulla cannabis pu\u00f2 essere abolita cos\u00ec facilmente? Secondo Peter Homberg, una completa abolizione della legge sulla cannabis \u00e8 piuttosto improbabile. Nella sua valutazione, spiega perch\u00e9 gli ostacoli legali e politici rendono pi\u00f9 difficile un&#8217;inversione di rotta nella politica sulla cannabis. Abolizione della legge sulla cannabis Valutazione di Homberg?La corsa politica rimane tesa e [&hellip;]<\/p>\n","protected":false},"author":1147,"featured_media":55618,"comment_status":"closed","ping_status":"closed","sticky":false,"template":"","format":"standard","meta":{"inline_featured_image":false,"footnotes":""},"categories":[552,199,550,614],"tags":[1276,1296,213,1275,1274,1261,1277,303,1295,1293,211,306,1260,1259],"class_list":["post-55637","post","type-post","status-publish","format-standard","has-post-thumbnail","hentry","category-conoscenza","category-notizie","category-politica","category-sfondo","tag-acquista-il-cbd","tag-acquistare-cbd-sostenibile-online-svizzera","tag-cbd-it","tag-cbd-svizzera","tag-cbd-bern-it","tag-coltivazione-di-cbd-in-svizzera","tag-comprare-cbd-svizzera","tag-conoscenza","tag-fiori-cbd-harlequin-premiati","tag-fiori-di-cbd-di-alta-qualita-dalla-svizzera","tag-legalizzazione","tag-olio-di-cbd","tag-prodotti-di-canapa-biologica-certificata","tag-prodotti-senza-thc-svizzera"],"_links":{"self":[{"href":"https:\/\/www.herbadiberna.ch\/it\/wp-json\/wp\/v2\/posts\/55637","targetHints":{"allow":["GET"]}}],"collection":[{"href":"https:\/\/www.herbadiberna.ch\/it\/wp-json\/wp\/v2\/posts"}],"about":[{"href":"https:\/\/www.herbadiberna.ch\/it\/wp-json\/wp\/v2\/types\/post"}],"author":[{"embeddable":true,"href":"https:\/\/www.herbadiberna.ch\/it\/wp-json\/wp\/v2\/users\/1147"}],"replies":[{"embeddable":true,"href":"https:\/\/www.herbadiberna.ch\/it\/wp-json\/wp\/v2\/comments?post=55637"}],"version-history":[{"count":3,"href":"https:\/\/www.herbadiberna.ch\/it\/wp-json\/wp\/v2\/posts\/55637\/revisions"}],"predecessor-version":[{"id":73447,"href":"https:\/\/www.herbadiberna.ch\/it\/wp-json\/wp\/v2\/posts\/55637\/revisions\/73447"}],"wp:featuredmedia":[{"embeddable":true,"href":"https:\/\/www.herbadiberna.ch\/it\/wp-json\/wp\/v2\/media\/55618"}],"wp:attachment":[{"href":"https:\/\/www.herbadiberna.ch\/it\/wp-json\/wp\/v2\/media?parent=55637"}],"wp:term":[{"taxonomy":"category","embeddable":true,"href":"https:\/\/www.herbadiberna.ch\/it\/wp-json\/wp\/v2\/categories?post=55637"},{"taxonomy":"post_tag","embeddable":true,"href":"https:\/\/www.herbadiberna.ch\/it\/wp-json\/wp\/v2\/tags?post=55637"}],"curies":[{"name":"wp","href":"https:\/\/api.w.org\/{rel}","templated":true}]}}