{"id":34190,"date":"2024-02-24T15:39:27","date_gmt":"2024-02-24T14:39:27","guid":{"rendered":"https:\/\/www.herbadiberna.ch\/la-legalizzazione-della-cannabis-in-svizzera\/"},"modified":"2025-12-02T13:00:08","modified_gmt":"2025-12-02T12:00:08","slug":"la-legalizzazione-della-cannabis-in-svizzera","status":"publish","type":"post","link":"https:\/\/www.herbadiberna.ch\/it\/blog\/la-legalizzazione-della-cannabis-in-svizzera\/","title":{"rendered":"La legalizzazione della cannabis in Svizzera"},"content":{"rendered":"\n<h3 class=\"wp-block-heading\" style=\"font-size:21px\"><strong>Un passo nel futuro<\/strong><\/h3>\n\n<p style=\"font-size:21px\">Negli ultimi decenni si \u00e8 intensificato il dibattito sulla legalizzazione della cannabis in Svizzera. Il Partito Verde si \u00e8 battuto attivamente per la legalizzazione 30 anni fa. Nel loro documento di posizione, i Verdi prendono una posizione chiara su come dovrebbe essere la legalizzazione. I membri del Partito Verde hanno partecipato allo sviluppo di questo documento innovativo attraverso uno scambio costruttivo, anche con l&#8217;IG Hemp e altre organizzazioni come le associazioni di dipendenza. Come negozio specializzato, accogliamo con favore questo sviluppo e lo consideriamo un&#8217;opportunit\u00e0 per una politica sulle droghe progressista e sensata in Svizzera.<\/p>\n\n<p><strong>Il nuovo documento di posizione del Gruppo Verde<\/strong><\/p>\n\n<p style=\"font-size:18px\">Dopo decenni di impegno politico e di cambiamenti sociali, sta per iniziare un nuovo capitolo della politica svizzera sulle droghe grazie all&#8217;attuazione dell&#8217;iniziativa parlamentare Siegenthaler. I Verdi attribuiscono particolare importanza alla tutela della salute e alla prevenzione, al fine di ridurre al minimo gli effetti negativi del proibizionismo e di sfruttare al contempo i benefici sociali, medici ed economici della cannabis.<\/p>\n\n<p style=\"font-size:18px\">I parametri di riferimento proposti per la regolamentazione del consumo di cannabis pongono l&#8217;accento sulla tutela dei giovani e della salute, nonch\u00e9 sulla prevenzione della dipendenza. Tra questi, il divieto di pubblicit\u00e0 e sponsorizzazione, la vendita solo agli adulti, requisiti rigorosi per la coltivazione e la qualit\u00e0 del prodotto e una tassa di prevenzione destinata a finanziare programmi di prevenzione e terapia delle dipendenze. I Verdi sono favorevoli a una tassa di incentivazione moderata e all&#8217;introduzione di un monitoraggio statistico del consumo di cannabis.<\/p>\n\n<p style=\"font-size:18px\">I politici sono chiamati ad affrontare il consumo di cannabis con pi\u00f9 realismo e meno moralismo. Nel lavoro legislativo in corso, i Verdi sono favorevoli alla regolamentazione del consumo di cannabis, con particolare attenzione alla salute pubblica e alla ricerca di una via di mezzo tra un mercato nero non regolamentato e un mercato legale non regolamentato.<\/p>\n\n<p style=\"font-size:18px\">Il futuro della regolamentazione della cannabis in Svizzera promette quindi un cambiamento che non solo influenzer\u00e0 il modo in cui la societ\u00e0 percepisce la cannabis, ma ridurr\u00e0 anche al minimo l&#8217;impatto sulla salute, sui giovani e sul mercato nero.<\/p>\n\n<div class=\"wp-block-columns is-layout-flex wp-container-core-columns-is-layout-28f84493 wp-block-columns-is-layout-flex\">\n<div class=\"wp-block-column is-layout-flow wp-block-column-is-layout-flow\" style=\"flex-basis:100%\">\n<blockquote class=\"wp-block-quote is-layout-flow wp-block-quote-is-layout-flow\">\n<ul class=\"wp-block-list\">\n<li style=\"font-size:15px\">Scoprite di pi\u00f9 sull&#8217;iniziativa PI Siegenthaler a partire da settembre 2020 - <a href=\"https:\/\/www.herbadiberna.ch\/it\/blog\/progressi-nella-ri-regolamentazione-del-mercato-della-cannabis\/\">qui!<\/a><\/li>\n\n\n\n<li style=\"font-size:15px\">Documento di posizione del Gruppo Verde sulla legalizzazione della cannabis - <a href=\"\/Users\/Jenny\/AppData\/Local\/Microsoft\/Windows\/INetCache\/Content.Outlook\/8WRR2P46\/pos_240216_Cannabis-Legalisierung_d.pdf\">qui!<\/a><\/li>\n<\/ul>\n<\/blockquote>\n<\/div>\n<\/div>\n\n<p style=\"font-size:18px\"><strong>La posizione di Herba di Berna sulla legalizzazione<\/strong><\/p>\n\n<p style=\"font-size:18px\">In qualit\u00e0 di azienda leader nel settore della canapa, Herba di Berna assume una posizione differenziata sulla legalizzazione della cannabis. Pur sostenendo gli sforzi per regolamentare il mercato e proteggere i giovani e i consumatori, siamo favorevoli alla distribuzione nei negozi specializzati certificati, oltre che nei cannabis social club. Riteniamo che i punti vendita gestiti dallo Stato possano aumentare il rischio di monopoli.  <\/p>\n\n<p style=\"font-size:18px\">Inoltre, riteniamo che l&#8217;ostacolo all&#8217;ingresso sia relativamente alto:<\/p>\n\n<ul class=\"wp-block-list\">\n<li style=\"font-size:18px\">Devono essere forniti i dati personali, il comportamento di consumo e la situazione della patente di guida.<\/li>\n\n\n\n<li style=\"font-size:18px\">Riteniamo che l&#8217;idea di prosciugare il mercato nero attraverso i punti vendita statali sia un pio desiderio.  <\/li>\n\n\n\n<li style=\"font-size:18px\">I requisiti e gli standard di produzione saranno elevati e ci\u00f2 avr\u00e0 inevitabilmente un impatto sui prezzi.  <\/li>\n\n\n\n<li style=\"font-size:18px\">Siamo favorevoli a un mercato regolamentato con standard di produzione elevati, simili a quelli degli alcolici, che riteniamo possa essere gestito dal settore privato.<\/li>\n<\/ul>\n\n<p style=\"font-size:18px\"><strong>Una visione differenziata del mercato<\/strong><\/p>\n\n<p style=\"font-size:18px\">La legalizzazione della cannabis in Svizzera \u00e8 senza dubbio un passo nella giusta direzione, ma \u00e8 importante avere una visione differenziata di ci\u00f2 che sta accadendo sul mercato. Un mercato regolamentato, caratterizzato da concorrenza e standard elevati, porter\u00e0 benefici a lungo termine sia ai consumatori che all&#8217;industria.<\/p>\n\n<p class=\"has-text-align-center\"><strong>Cosa ne pensate, dove volete acquistare l&#8217;erba in futuro?  <\/strong><\/p>\n\n<p class=\"has-text-align-center\">L&#8217;indagine dell&#8217;Associazione svizzera della canapa<\/p>\n\n<div class=\"wp-block-buttons is-content-justification-center is-layout-flex wp-container-core-buttons-is-layout-a89b3969 wp-block-buttons-is-layout-flex\">\n<div class=\"wp-block-button\"><a class=\"wp-block-button__link wp-element-button\" href=\"https:\/\/docs.google.com\/forms\/d\/e\/1FAIpQLSdG2Zj120zHe-RNU-_2WzFlb-UtOYaBqWHL1GT4PpKJ3Q4phg\/viewform\" target=\"_blank\" rel=\"noreferrer noopener\">direttamente al sondaggio  <\/a><\/div>\n<\/div>\n\n<p><\/p>\n","protected":false},"excerpt":{"rendered":"<p>Un passo nel futuro Negli ultimi decenni si \u00e8 intensificato il dibattito sulla legalizzazione della cannabis in Svizzera. Il Partito Verde si \u00e8 battuto attivamente per la legalizzazione 30 anni fa. Nel loro documento di posizione, i Verdi prendono una posizione chiara su come dovrebbe essere la legalizzazione. I membri del Partito Verde hanno partecipato [&hellip;]<\/p>\n","protected":false},"author":963,"featured_media":34196,"comment_status":"closed","ping_status":"closed","sticky":false,"template":"","format":"standard","meta":{"inline_featured_image":false,"footnotes":""},"categories":[562,199,550,551,201],"tags":[213,303,211,306,258,217,263],"class_list":["post-34190","post","type-post","status-publish","format-standard","has-post-thumbnail","hentry","category-il-fidanzamento","category-notizie","category-politica","category-protezione-dei-consumatori","category-storie","tag-cbd-it","tag-conoscenza","tag-legalizzazione","tag-olio-di-cbd","tag-politica","tag-politica-interna","tag-svizzera"],"_links":{"self":[{"href":"https:\/\/www.herbadiberna.ch\/it\/wp-json\/wp\/v2\/posts\/34190","targetHints":{"allow":["GET"]}}],"collection":[{"href":"https:\/\/www.herbadiberna.ch\/it\/wp-json\/wp\/v2\/posts"}],"about":[{"href":"https:\/\/www.herbadiberna.ch\/it\/wp-json\/wp\/v2\/types\/post"}],"author":[{"embeddable":true,"href":"https:\/\/www.herbadiberna.ch\/it\/wp-json\/wp\/v2\/users\/963"}],"replies":[{"embeddable":true,"href":"https:\/\/www.herbadiberna.ch\/it\/wp-json\/wp\/v2\/comments?post=34190"}],"version-history":[{"count":3,"href":"https:\/\/www.herbadiberna.ch\/it\/wp-json\/wp\/v2\/posts\/34190\/revisions"}],"predecessor-version":[{"id":73504,"href":"https:\/\/www.herbadiberna.ch\/it\/wp-json\/wp\/v2\/posts\/34190\/revisions\/73504"}],"wp:featuredmedia":[{"embeddable":true,"href":"https:\/\/www.herbadiberna.ch\/it\/wp-json\/wp\/v2\/media\/34196"}],"wp:attachment":[{"href":"https:\/\/www.herbadiberna.ch\/it\/wp-json\/wp\/v2\/media?parent=34190"}],"wp:term":[{"taxonomy":"category","embeddable":true,"href":"https:\/\/www.herbadiberna.ch\/it\/wp-json\/wp\/v2\/categories?post=34190"},{"taxonomy":"post_tag","embeddable":true,"href":"https:\/\/www.herbadiberna.ch\/it\/wp-json\/wp\/v2\/tags?post=34190"}],"curies":[{"name":"wp","href":"https:\/\/api.w.org\/{rel}","templated":true}]}}