{"id":31967,"date":"2023-10-24T14:44:09","date_gmt":"2023-10-24T13:44:09","guid":{"rendered":"https:\/\/www.herbadiberna.ch\/legalizzazione-in-germania-il-bundestag-si-mette-al-lavoro\/"},"modified":"2025-12-02T13:00:19","modified_gmt":"2025-12-02T12:00:19","slug":"legalizzazione-in-germania-il-bundestag-si-mette-al-lavoro","status":"publish","type":"post","link":"https:\/\/www.herbadiberna.ch\/it\/blog\/legalizzazione-in-germania-il-bundestag-si-mette-al-lavoro\/","title":{"rendered":"Legalizzazione in Germania: il Bundestag si mette al lavoro?"},"content":{"rendered":"\n<p>Dopo una lunga attesa, il progetto di legge per la CanG, la - presumibilmente - futura legge sulla cannabis in Germania, \u00e8 arrivato al Bundestag. Il disegno di legge mira a muovere i primi passi verso un mercato legale della cannabis - nel migliore dei casi gi\u00e0 all&#8217;inizio del 2024.<\/p>\n\n<h2 class=\"wp-block-heading\">Cosa dice ora il Cannabis Act?<\/h2>\n\n<p>Negli ultimi mesi, gli oracoli sui dettagli della legalizzazione in Germania sono stati oggetto di preoccupazione in molti luoghi. Gi\u00e0 in aprile \u00e8 stato pubblicato un documento sui punti chiave in cui sono stati concretizzati i piani. Non c&#8217;era quindi da stupirsi di cosa avrebbe discusso il Bundestag. L&#8217;attuale progetto di legge intende attuare il cosiddetto &#8220;primo pilastro&#8221; della legalizzazione. Il secondo pilastro della coltivazione commerciale della cannabis \u00e8 stato rimandato al futuro.<\/p>\n\n<p>Il primo pilastro prevede la legalizzazione della coltivazione domestica privata e della coltivazione comunitaria non commerciale nei cannabis social club. Il disegno di legge viene spesso definito &#8220;a bassa legalizzazione&#8221;, in quanto vi sono ancora molte norme piuttosto restrittive. In futuro, gli adulti potranno possedere fino a 25 g di cannabis per il consumo personale. La coltivazione privata \u00e8 consentita per tre piante e i bambini e i giovani devono essere tenuti lontani. Ci sono anche molte regole da seguire per i club sociali (chiamati associazioni di coltivazione nel progetto di legge). Sono ammessi al massimo 500 soci, tutti residenti in Germania. Per ogni socio possono essere rilasciati al massimo 25 g al giorno e 50 g al mese. Per i giovani di et\u00e0 compresa tra i 18 e i 21 anni, il limite \u00e8 di 30 g al mese, che inoltre non devono contenere pi\u00f9 del 10% di THC. Inoltre, \u00e8 vietata la pubblicit\u00e0 e la sponsorizzazione.<\/p>\n\n<h2 class=\"wp-block-heading\">Aree protette in tutta la Germania<\/h2>\n\n<p><br\/>Un&#8217;altra norma ha suscitato particolare stupore nella comunit\u00e0 della cannabis: \u00e8 prevista una zona di protezione di 200 metri intorno alle associazioni di coltivazione, alle scuole, alle strutture per bambini e giovani, ai parchi giochi per bambini e agli impianti sportivi accessibili al pubblico, in cui non \u00e8 consentito il consumo di cannabis all&#8217;aperto. Il consumo di cannabis non \u00e8 inoltre consentito nelle zone pedonali tra le 7.00 e le 20.00.  <\/p>\n<div class=\"wp-block-image\">\n<figure class=\"aligncenter size-large is-resized\"><img loading=\"lazy\" decoding=\"async\" width=\"1024\" height=\"514\" src=\"https:\/\/www.herbadiberna.ch\/wp-content\/uploads\/\/image-28-1024x514.png\" alt=\"In Germania stanno circolando mappe che mostrano come la maggior parte delle aree urbane e municipali sarebbero situate in una zona di protezione.\" class=\"wp-image-31952\" style=\"width:512px\" srcset=\"https:\/\/www.herbadiberna.ch\/wp-content\/uploads\/image-28-1024x514.png 1024w, https:\/\/www.herbadiberna.ch\/wp-content\/uploads\/image-28-300x151.png 300w, https:\/\/www.herbadiberna.ch\/wp-content\/uploads\/image-28-768x386.png 768w, https:\/\/www.herbadiberna.ch\/wp-content\/uploads\/image-28-1536x772.png 1536w, https:\/\/www.herbadiberna.ch\/wp-content\/uploads\/image-28-416x209.png 416w, https:\/\/www.herbadiberna.ch\/wp-content\/uploads\/image-28.png 1921w\" sizes=\"auto, (max-width: 1024px) 100vw, 1024px\" \/><figcaption class=\"wp-element-caption\">Distribuzione delle zone protette a Berlino secondo l&#8217;attuale bozza della CanG: il consumo pubblico di cannabis \u00e8 vietato in tutte le aree rosse. Inoltre, c&#8217;\u00e8 un divieto davanti alle associazioni di coltivazione che non esistono ancora e durante il giorno nelle zone pedonali.<em><a href=\"https:\/\/bubatzkarte.kowelenz.social\/#13\/52.5080\/13.3870\">(bubatzkarte.kowelenz.social<\/a>)<\/em><\/figcaption><\/figure>\n<\/div>\n<p>Ci\u00f2 che viene giustificato con la protezione dei bambini e dei giovani, presenta alcuni problemi nella pratica: i luoghi elencati esistono in Germania in una densit\u00e0 tale che - soprattutto nelle citt\u00e0 - il consumo di cannabis sar\u00e0 possibile quasi solo in appartamenti privati o in grandi parchi.<\/p>\n\n<h2 class=\"wp-block-heading\">Cosa ne pensa il Bundestag?<\/h2>\n\n<p>Il dibattito al Bundestag \u00e8 stato breve, ma molto intenso. Mentre Karl Lauterbach sosteneva con convinzione la sua proposta, molti altri erano meno entusiasti. C&#8217;\u00e8 stata una resistenza fondamentale da parte dei conservatori (AfD e Unione). Entrambi i partiti continuano a cercare di impedire la legalizzazione in s\u00e9. \u00c8 impressionante come questi politici possano ignorare la situazione odierna, con milioni di consumatori di cannabis e un enorme mercato nero, e continuare invece a blaterare sul loro concetto di &#8220;droga di passaggio&#8221;.<\/p>\n\n<p>Pi\u00f9 stimolanti sembrano essere le critiche degli esperti e dei gruppi parlamentari di sinistra. In questa sede si sottolinea che le norme sulla distanza e molti altri dettagli precisamente definiti della legalizzazione della luce sono difficilmente realizzabili nella pratica. Con queste concessioni alle forze conservatrici, il disegno di legge minaccia di diventare una legge che non verr\u00e0 mai applicata o che richieder\u00e0 una quantit\u00e0 folle di risorse per essere controllata. Questo annullerebbe anche in gran parte uno dei grandi vantaggi della legalizzazione: il risparmio di sforzi e costi nell&#8217;applicazione della legge.  <\/p>\n\n<h2 class=\"wp-block-heading\">Legalizzazione in Germania solo per i non guidatori<\/h2>\n\n<p>Un altro punto debole degli attuali piani di legalizzazione: finora non sono previste modifiche al codice della strada. Tuttavia, poich\u00e9 il limite di THC per la guida in Germania \u00e8 di un nanogrammo per millilitro di sangue, i conducenti che fanno uso di cannabis sono quasi certamente perseguibili. Anche quando si mettono al volante da sobri. In uno dei nostri ultimi post sul blog, abbiamo evidenziato il problema in Svizzera. Per farla breve: anche il valore limite svizzero di 1,5ng\/mL \u00e8 chiaramente troppo basso.<\/p>\n\n<div class=\"wp-block-buttons is-content-justification-center is-layout-flex wp-container-core-buttons-is-layout-a89b3969 wp-block-buttons-is-layout-flex\">\n<div class=\"wp-block-button\"><a class=\"wp-block-button__link wp-element-button\" href=\"https:\/\/www.herbadiberna.ch\/it\/blog\/cannabis-nel-traffico-stradale\/\" target=\"_blank\" rel=\"noreferrer noopener\">Cannabis sulle strade svizzere<\/a><\/div>\n<\/div>\n\n<p>Il governo federale tedesco ha almeno dichiarato che istituir\u00e0 un gruppo di lavoro che presenter\u00e0 i primi risultati nella primavera del 2024. In vista della legalizzazione a partire dal gennaio 2024, tuttavia, questa \u00e8 una prospettiva piuttosto insoddisfacente per gli automobilisti&#8230;<\/p>\n\n<h2 class=\"wp-block-heading\">Cosa significa questo per la legalizzazione?<\/h2>\n\n<p>La Germania continua a muoversi passo dopo passo verso la legalizzazione. Le fazioni eternamente conservatrici del Bundestag non dovrebbero avere alcuna possibilit\u00e0 con la loro opposizione di fondo. I gruppi parlamentari di sinistra probabilmente proveranno a fare qualche altro tentativo per rendere i piani di legalizzazione un po&#8217; pi\u00f9 audaci, ma in caso di dubbio, quasi certamente preferirebbero ancora l&#8217;attuale proposta di legge a nessuna legalizzazione.  <br\/>Tutti coloro che si aspettavano una &#8220;rivoluzione verde&#8221; saranno probabilmente delusi dal risultato. \u00c8 un passo enorme che il possesso e la coltivazione di cannabis non siano pi\u00f9 punibili. Nel complesso, tuttavia, i piani attuali sono ancora vicini a una politica restrittiva e lontani da un mercato legale della cannabis che potrebbe effettivamente sostituire il mercato nero.  <\/p>\n","protected":false},"excerpt":{"rendered":"<p>Dopo una lunga attesa, il progetto di legge per la CanG, la - presumibilmente - futura legge sulla cannabis in Germania, \u00e8 arrivato al Bundestag. Il disegno di legge mira a muovere i primi passi verso un mercato legale della cannabis - nel migliore dei casi gi\u00e0 all&#8217;inizio del 2024. Cosa dice ora il Cannabis [&hellip;]<\/p>\n","protected":false},"author":200,"featured_media":31962,"comment_status":"closed","ping_status":"closed","sticky":false,"template":"","format":"standard","meta":{"inline_featured_image":false,"footnotes":""},"categories":[199,550,551],"tags":[211,258],"class_list":["post-31967","post","type-post","status-publish","format-standard","has-post-thumbnail","hentry","category-notizie","category-politica","category-protezione-dei-consumatori","tag-legalizzazione","tag-politica"],"_links":{"self":[{"href":"https:\/\/www.herbadiberna.ch\/it\/wp-json\/wp\/v2\/posts\/31967","targetHints":{"allow":["GET"]}}],"collection":[{"href":"https:\/\/www.herbadiberna.ch\/it\/wp-json\/wp\/v2\/posts"}],"about":[{"href":"https:\/\/www.herbadiberna.ch\/it\/wp-json\/wp\/v2\/types\/post"}],"author":[{"embeddable":true,"href":"https:\/\/www.herbadiberna.ch\/it\/wp-json\/wp\/v2\/users\/200"}],"replies":[{"embeddable":true,"href":"https:\/\/www.herbadiberna.ch\/it\/wp-json\/wp\/v2\/comments?post=31967"}],"version-history":[{"count":3,"href":"https:\/\/www.herbadiberna.ch\/it\/wp-json\/wp\/v2\/posts\/31967\/revisions"}],"predecessor-version":[{"id":73525,"href":"https:\/\/www.herbadiberna.ch\/it\/wp-json\/wp\/v2\/posts\/31967\/revisions\/73525"}],"wp:featuredmedia":[{"embeddable":true,"href":"https:\/\/www.herbadiberna.ch\/it\/wp-json\/wp\/v2\/media\/31962"}],"wp:attachment":[{"href":"https:\/\/www.herbadiberna.ch\/it\/wp-json\/wp\/v2\/media?parent=31967"}],"wp:term":[{"taxonomy":"category","embeddable":true,"href":"https:\/\/www.herbadiberna.ch\/it\/wp-json\/wp\/v2\/categories?post=31967"},{"taxonomy":"post_tag","embeddable":true,"href":"https:\/\/www.herbadiberna.ch\/it\/wp-json\/wp\/v2\/tags?post=31967"}],"curies":[{"name":"wp","href":"https:\/\/api.w.org\/{rel}","templated":true}]}}