{"id":29596,"date":"2023-08-14T14:58:40","date_gmt":"2023-08-14T13:58:40","guid":{"rendered":"https:\/\/www.herbadiberna.ch\/studio-sullutilizzo-del-cbd-2023\/"},"modified":"2025-06-25T09:06:15","modified_gmt":"2025-06-25T08:06:15","slug":"studio-sullutilizzo-del-cbd-2023","status":"publish","type":"post","link":"https:\/\/www.herbadiberna.ch\/it\/blog\/studio-sullutilizzo-del-cbd-2023\/","title":{"rendered":"Studio sull&#8217;utilizzo del CBD 2023"},"content":{"rendered":"\n<p>&#8220;Il CBD piace alle persone anziane&#8221; hanno titolato diversi giornali svizzeri nelle ultime settimane. Il motivo \u00e8 un <a href=\"https:\/\/www.link.ch\/insights\/cbd-schweizer-generation-60-hat-das-groesste-nutzungspotenzial\/\" target=\"_blank\" rel=\"noreferrer noopener\">nuovo studio<\/a> dell&#8217;istituto di ricerche di mercato LINK, che ha analizzato da vicino il mercato della cannabis in Svizzera. Pertanto, ci\u00f2 che \u00e8 noto da tempo negli Stati Uniti \u00e8 stato ora dimostrato anche in Svizzera: le persone anziane vedono sempre pi\u00f9 positivamente l&#8217;uso di prodotti a base di CBD. Per saperne di pi\u00f9 sui retroscena di questo sviluppo, si veda qui:<\/p>\n\n<div class=\"wp-block-buttons is-layout-flex wp-block-buttons-is-layout-flex\">\n<div class=\"wp-block-button aligncenter\"><a class=\"wp-block-button__link\" href=\"https:\/\/www.herbadiberna.ch\/it\/uso-di-cannabis-da-parte-di-cittadini-anziani\/\" target=\"_blank\" rel=\"noreferrer noopener\">Perch\u00e9 i cittadini anziani vogliono il CBD<\/a><\/div>\n<\/div>\n\n<h2 class=\"wp-block-heading\">Chi usa la cannabis?<\/h2>\n\n<p>In sostanza, si pu\u00f2 dire che persone molto diverse tra loro e di tutte le et\u00e0 fanno uso di cannabis. Circa 6 persone su 10 conoscono i prodotti CBD almeno di nome. Di questi &#8220;intenditori&#8221;, il 25% ha gi\u00e0 utilizzato prodotti a base di CBD. Tra i giovani sotto i trent&#8217;anni, la percentuale \u00e8 di circa il 30%. Un altro dato entusiasmante: in Ticino il dato complessivo \u00e8 solo del 20% (anzich\u00e9 del 25%).<\/p>\n<div class=\"wp-block-image\">\n<figure class=\"aligncenter size-large\"><img loading=\"lazy\" decoding=\"async\" width=\"1024\" height=\"577\" src=\"https:\/\/www.herbadiberna.ch\/wp-content\/uploads\/\/image-15-1024x577.png\" alt=\"\" class=\"wp-image-29540\" srcset=\"https:\/\/www.herbadiberna.ch\/wp-content\/uploads\/image-15-1024x577.png 1024w, https:\/\/www.herbadiberna.ch\/wp-content\/uploads\/image-15-300x169.png 300w, https:\/\/www.herbadiberna.ch\/wp-content\/uploads\/image-15-768x433.png 768w, https:\/\/www.herbadiberna.ch\/wp-content\/uploads\/image-15-1536x866.png 1536w, https:\/\/www.herbadiberna.ch\/wp-content\/uploads\/image-15-2048x1154.png 2048w, https:\/\/www.herbadiberna.ch\/wp-content\/uploads\/image-15-416x234.png 416w\" sizes=\"auto, (max-width: 1024px) 100vw, 1024px\" \/><figcaption>Risultati dello studio <a href=\"https:\/\/www.link.ch\/insights\/cbd-schweizer-generation-60-hat-das-groesste-nutzungspotenzial\/\" target=\"_blank\" rel=\"noreferrer noopener\">LINK<\/a><\/figcaption><\/figure>\n<\/div>\n<h2 class=\"wp-block-heading\">Chi si entusiasmer\u00e0 per il CBD in futuro?<\/h2>\n\n<p>Oltre alle persone che gi\u00e0 consumano prodotti a base di CBD, c&#8217;\u00e8 anche un gruppo non trascurabile che \u00e8 fondamentalmente aperto al suo utilizzo. Si tratta soprattutto di donne e anziani. Per entrambi i gruppi, quasi un terzo degli esperti intervistati pu\u00f2 immaginare di utilizzarli.<\/p>\n<div class=\"wp-block-image\">\n<figure class=\"aligncenter size-large\"><img loading=\"lazy\" decoding=\"async\" width=\"1024\" height=\"576\" src=\"https:\/\/www.herbadiberna.ch\/wp-content\/uploads\/\/image-16-1024x576.png\" alt=\"\" class=\"wp-image-29544\" srcset=\"https:\/\/www.herbadiberna.ch\/wp-content\/uploads\/image-16-1024x576.png 1024w, https:\/\/www.herbadiberna.ch\/wp-content\/uploads\/image-16-300x169.png 300w, https:\/\/www.herbadiberna.ch\/wp-content\/uploads\/image-16-768x432.png 768w, https:\/\/www.herbadiberna.ch\/wp-content\/uploads\/image-16-1536x864.png 1536w, https:\/\/www.herbadiberna.ch\/wp-content\/uploads\/image-16-2048x1152.png 2048w, https:\/\/www.herbadiberna.ch\/wp-content\/uploads\/image-16-416x234.png 416w\" sizes=\"auto, (max-width: 1024px) 100vw, 1024px\" \/><figcaption>Risultati dello studio <a href=\"https:\/\/www.link.ch\/insights\/cbd-schweizer-generation-60-hat-das-groesste-nutzungspotenzial\/\" target=\"_blank\" rel=\"noreferrer noopener\">LINK<\/a><\/figcaption><\/figure>\n<\/div>\n<h2 class=\"wp-block-heading\">Cosa scoraggia le persone?<\/h2>\n\n<p>Tra i non utilizzatori, le ragioni della loro riluttanza sono diverse. Per circa 3\/4, la mancanza di necessit\u00e0 \u00e8 una delle ragioni. Circa un quarto dei non consumatori intervistati \u00e8 riluttante a diventare dipendente (tra le altre cose). \u00c8 un peccato che questo mito sia ancora cos\u00ec diffuso! Non ci sono prove del potenziale di dipendenza del cannabidiolo (CBD). Al contrario, alcune ricerche suggeriscono che \u00e8 un buon modo per liberarsi da un&#8217;altra dipendenza (ad esempio da oppioidi o cocaina).<sup><a href=\"https:\/\/journals.sagepub.com\/doi\/10.4137\/SART.S25081\">[1]<\/a><\/sup><\/p>\n\n<p>La mancanza e la scarsa qualit\u00e0 delle informazioni disponibili \u00e8 un grosso problema. Circa il 10% degli intervistati dichiara che la mancanza di informazioni o di chiarezza sulla legalit\u00e0 \u00e8 il motivo della propria riluttanza. Mentre il primo problema pu\u00f2 essere risolto solo per gradi, la situazione del secondo \u00e8 molto pi\u00f9 semplice: la CBD \u00e8 legale. Articolo. (In Svizzera, la cannabis diventa illegale con un contenuto di THC pari o superiore all&#8217;1%).<\/p>\n\n<p>Altri due motivi: Potenziali effetti collaterali (24%) e difficolt\u00e0 di dosaggio (5%). Il legame tra questi due aspetti? Con un dosaggio adeguato, non c&#8217;\u00e8 nulla da temere con i prodotti a base di CBD. Sono noti solo effetti collaterali lievi, come nausea, sonnolenza, diarrea o perdita di appetito, e anche questi si verificano soprattutto con dosi troppo elevate. Naturalmente \u00e8 consigliabile prestare attenzione se si stanno assumendo altri farmaci: in questo caso \u00e8 certamente opportuno chiedere al medico o al farmacista. Per tutti gli altri: trovate la vostra dose e prestate attenzione ai segnali del vostro corpo, non avete nulla da temere.  <\/p>\n\n<div class=\"wp-block-buttons is-layout-flex wp-block-buttons-is-layout-flex\">\n<div class=\"wp-block-button aligncenter\"><a class=\"wp-block-button__link\" href=\"https:\/\/www.herbadiberna.ch\/it\/?p=12464\" target=\"_blank\" rel=\"noreferrer noopener\">Istruzioni per il corretto dosaggio degli oli di CBD<\/a><\/div>\n\n\n\n<div class=\"wp-block-button aligncenter\"><a class=\"wp-block-button__link\" href=\"https:\/\/www.herbadiberna.ch\/it\/calcolatore-di-dosaggio-per-gli-oli-di-cbd\/\" target=\"_blank\" rel=\"noreferrer noopener\">Calcolo del dosaggio degli oli di CBD<\/a><\/div>\n<\/div>\n\n<h2 class=\"wp-block-heading\">Cosa apprezzano gli utenti del CBD?<\/h2>\n\n<p>Infine, diamo uno sguardo alle persone che usano o hanno usato il CBD. Cosa speravano di ottenere dal consumo?<\/p>\n\n<p>In generale, lo stress (40%), i disturbi del sonno (34%) e il dolore (31%) sono i motivi pi\u00f9 frequentemente citati. Insieme a un senso di benessere generale, questi stessi punti sono in cima alla lista delle ragioni pi\u00f9 importanti per l&#8217;utilizzo. Per le persone anziane l&#8217;attenzione si concentra maggiormente su ragioni mediche, mentre per i pi\u00f9 giovani \u00e8 pi\u00f9 spesso rivolta al benessere psicologico.<\/p>\n\n<div class=\"wp-block-buttons is-layout-flex wp-block-buttons-is-layout-flex\">\n<div class=\"wp-block-button aligncenter\"><a class=\"wp-block-button__link\" href=\"https:\/\/www.herbadiberna.ch\/it\/olio-di-cbd\/\">Oli di CBD in negozio<\/a><\/div>\n<\/div>\n\n<p>Per noi \u00e8 sempre interessante scoprire nel dettaglio quali sono le preoccupazioni dei nostri (potenziali) clienti. Avete anche voi qualcosa da condividere con noi? Allora passate dal <a href=\"https:\/\/goo.gl\/maps\/FeJoWn6uP92q76nS7\">nostro negozio specializzato<\/a> o contattateci sui <a href=\"https:\/\/www.instagram.com\/herbadiberna\/\">social media<\/a>. Ci piacerebbe ascoltare la vostra storia o darvi un buon consiglio.<\/p>\n","protected":false},"excerpt":{"rendered":"<p>&#8220;Il CBD piace alle persone anziane&#8221; hanno titolato diversi giornali svizzeri nelle ultime settimane. Il motivo \u00e8 un nuovo studio dell&#8217;istituto di ricerche di mercato LINK, che ha analizzato da vicino il mercato della cannabis in Svizzera. Pertanto, ci\u00f2 che \u00e8 noto da tempo negli Stati Uniti \u00e8 stato ora dimostrato anche in Svizzera: le [&hellip;]<\/p>\n","protected":false},"author":200,"featured_media":29539,"comment_status":"closed","ping_status":"closed","sticky":false,"template":"","format":"standard","meta":{"inline_featured_image":false,"footnotes":""},"categories":[552,551],"tags":[213,303,306,263],"class_list":["post-29596","post","type-post","status-publish","format-standard","has-post-thumbnail","hentry","category-conoscenza","category-protezione-dei-consumatori","tag-cbd-it","tag-conoscenza","tag-olio-di-cbd","tag-svizzera"],"_links":{"self":[{"href":"https:\/\/www.herbadiberna.ch\/it\/wp-json\/wp\/v2\/posts\/29596","targetHints":{"allow":["GET"]}}],"collection":[{"href":"https:\/\/www.herbadiberna.ch\/it\/wp-json\/wp\/v2\/posts"}],"about":[{"href":"https:\/\/www.herbadiberna.ch\/it\/wp-json\/wp\/v2\/types\/post"}],"author":[{"embeddable":true,"href":"https:\/\/www.herbadiberna.ch\/it\/wp-json\/wp\/v2\/users\/200"}],"replies":[{"embeddable":true,"href":"https:\/\/www.herbadiberna.ch\/it\/wp-json\/wp\/v2\/comments?post=29596"}],"version-history":[{"count":2,"href":"https:\/\/www.herbadiberna.ch\/it\/wp-json\/wp\/v2\/posts\/29596\/revisions"}],"predecessor-version":[{"id":65054,"href":"https:\/\/www.herbadiberna.ch\/it\/wp-json\/wp\/v2\/posts\/29596\/revisions\/65054"}],"wp:featuredmedia":[{"embeddable":true,"href":"https:\/\/www.herbadiberna.ch\/it\/wp-json\/wp\/v2\/media\/29539"}],"wp:attachment":[{"href":"https:\/\/www.herbadiberna.ch\/it\/wp-json\/wp\/v2\/media?parent=29596"}],"wp:term":[{"taxonomy":"category","embeddable":true,"href":"https:\/\/www.herbadiberna.ch\/it\/wp-json\/wp\/v2\/categories?post=29596"},{"taxonomy":"post_tag","embeddable":true,"href":"https:\/\/www.herbadiberna.ch\/it\/wp-json\/wp\/v2\/tags?post=29596"}],"curies":[{"name":"wp","href":"https:\/\/api.w.org\/{rel}","templated":true}]}}