{"id":26933,"date":"2023-05-18T16:29:10","date_gmt":"2023-05-18T15:29:10","guid":{"rendered":"https:\/\/www.herbadiberna.ch\/revisione-di-cannatrade-2023\/"},"modified":"2026-01-20T13:51:51","modified_gmt":"2026-01-20T12:51:51","slug":"revisione-di-cannatrade-2023","status":"publish","type":"post","link":"https:\/\/www.herbadiberna.ch\/it\/blog\/revisione-di-cannatrade-2023\/","title":{"rendered":"Revisione di Cannatrade 2023"},"content":{"rendered":"\n<p>La 17a edizione di Cannatrade si aggiunge senza soluzione di continuit\u00e0 alla storia di successo della fiera svizzera della canapa. Anche quest&#8217;anno \u00e8 stato stabilito un nuovo record con oltre 10.000 visitatori e 150 espositori. Durante i tre giorni, sono state illustrate le molteplici sfaccettature della pianta di canapa e le sue applicazioni. Siamo stati felici di trovarci nel bel mezzo del trambusto.<\/p>\n\n<figure class=\"wp-block-embed is-type-video is-provider-youtube wp-block-embed-youtube wp-embed-aspect-16-9 wp-has-aspect-ratio\"><div class=\"wp-block-embed__wrapper\">\n<iframe loading=\"lazy\" title=\"CannaTrade 2023 - Official aftermovie #01\" width=\"980\" height=\"551\" src=\"https:\/\/www.youtube.com\/embed\/5sFI45QRHNE?feature=oembed\" frameborder=\"0\" allow=\"accelerometer; autoplay; clipboard-write; encrypted-media; gyroscope; picture-in-picture; web-share\" allowfullscreen><\/iframe>\n<\/div><figcaption>Video riassuntivo del Cannatrade <em>(CannaTradeVideos su youtube.com)<\/em><\/figcaption><\/figure>\n\n<h3 class=\"wp-block-heading\">Che cos&#8217;\u00e8 Cannatrade?<\/h3>\n\n<p>Poco pi\u00f9 di 20 anni fa, nel 2001, ebbe luogo il primo Cannatrade. Allora, ai tempi del &#8220;Dufts\u00e4ckli&#8221;, gli appassionati di cannabis di tutto il mondo accorrevano in Svizzera per partecipare alla corsa all&#8217;oro verde. Come la fiera sia riuscita a superare gli anni turbolenti del proibizionismo e poi della pandemia per ripresentarsi in dimensioni gloriose per la seconda volta, ce lo aveva gi\u00e0 spiegato l&#8217;anno scorso Ben Arn, direttore generale di Cannatrade. In questi due decenni, la fiera \u00e8 anche cambiata molto: &#8220;Mentre all&#8217;inizio era pi\u00f9 &#8216;hippy e freak&#8217;, oggi si incontrano aziende abbastanza normali e visitatori di tutte le classi sociali&#8221;. dice Ben.<\/p>\n\n<div class=\"wp-block-buttons is-layout-flex wp-block-buttons-is-layout-flex\">\n<div class=\"wp-block-button aligncenter\"><a class=\"wp-block-button__link\" href=\"https:\/\/www.herbadiberna.ch\/it\/blog\/cannatrade-2022\/\" target=\"_blank\" rel=\"noreferrer noopener\">Per saperne di pi\u00f9 sulla storia di Cannatrade<\/a><\/div>\n<\/div>\n\n<h3 class=\"wp-block-heading\">Un fine settimana fieristico convincente  <\/h3>\n\n<p>Naturalmente, anche Herba di Berna era nuovamente presente a Cannatrade. Anche se quest&#8217;anno abbiamo dovuto recarci a Zurigo, volevamo presentarci con uno stand fieristico convincente. Dopo una lunga preparazione, abbiamo avuto molto successo.<\/p>\n\n<figure class=\"wp-block-gallery aligncenter has-nested-images columns-default is-cropped wp-block-gallery-1 is-layout-flex wp-block-gallery-is-layout-flex\">\n<figure class=\"wp-block-image size-large\"><img loading=\"lazy\" decoding=\"async\" width=\"2560\" height=\"1707\" data-id=\"26824\" src=\"https:\/\/www.herbadiberna.ch\/wp-content\/uploads\/CT2023_Stand-148-6-1-scaled.jpg\" alt=\"\" class=\"wp-image-26824\" srcset=\"https:\/\/www.herbadiberna.ch\/wp-content\/uploads\/CT2023_Stand-148-6-1-scaled.jpg 2560w, https:\/\/www.herbadiberna.ch\/wp-content\/uploads\/CT2023_Stand-148-6-1-300x200.jpg 300w, https:\/\/www.herbadiberna.ch\/wp-content\/uploads\/CT2023_Stand-148-6-1-1024x683.jpg 1024w, https:\/\/www.herbadiberna.ch\/wp-content\/uploads\/CT2023_Stand-148-6-1-768x512.jpg 768w, https:\/\/www.herbadiberna.ch\/wp-content\/uploads\/CT2023_Stand-148-6-1-1536x1024.jpg 1536w, https:\/\/www.herbadiberna.ch\/wp-content\/uploads\/CT2023_Stand-148-6-1-2048x1365.jpg 2048w, https:\/\/www.herbadiberna.ch\/wp-content\/uploads\/CT2023_Stand-148-6-1-416x277.jpg 416w\" sizes=\"auto, (max-width: 2560px) 100vw, 2560px\" \/><\/figure>\n\n\n\n<figure class=\"wp-block-image size-large\"><img loading=\"lazy\" decoding=\"async\" width=\"2560\" height=\"1707\" data-id=\"26827\" src=\"https:\/\/www.herbadiberna.ch\/wp-content\/uploads\/CT2023_Stand-148-19-1-scaled.jpg\" alt=\"\" class=\"wp-image-26827\" srcset=\"https:\/\/www.herbadiberna.ch\/wp-content\/uploads\/CT2023_Stand-148-19-1-scaled.jpg 2560w, https:\/\/www.herbadiberna.ch\/wp-content\/uploads\/CT2023_Stand-148-19-1-300x200.jpg 300w, https:\/\/www.herbadiberna.ch\/wp-content\/uploads\/CT2023_Stand-148-19-1-1024x683.jpg 1024w, https:\/\/www.herbadiberna.ch\/wp-content\/uploads\/CT2023_Stand-148-19-1-768x512.jpg 768w\" sizes=\"auto, (max-width: 2560px) 100vw, 2560px\" \/><\/figure>\n\n\n\n<figure class=\"wp-block-image size-large\"><img loading=\"lazy\" decoding=\"async\" width=\"1707\" height=\"2560\" data-id=\"26818\" src=\"https:\/\/www.herbadiberna.ch\/wp-content\/uploads\/CT2023_Stand-148-13-1-scaled.jpg\" alt=\"\" class=\"wp-image-26818\" srcset=\"https:\/\/www.herbadiberna.ch\/wp-content\/uploads\/CT2023_Stand-148-13-1-scaled.jpg 1707w, https:\/\/www.herbadiberna.ch\/wp-content\/uploads\/CT2023_Stand-148-13-1-200x300.jpg 200w, https:\/\/www.herbadiberna.ch\/wp-content\/uploads\/CT2023_Stand-148-13-1-683x1024.jpg 683w, https:\/\/www.herbadiberna.ch\/wp-content\/uploads\/CT2023_Stand-148-13-1-768x1152.jpg 768w, https:\/\/www.herbadiberna.ch\/wp-content\/uploads\/CT2023_Stand-148-13-1-1024x1536.jpg 1024w, https:\/\/www.herbadiberna.ch\/wp-content\/uploads\/CT2023_Stand-148-13-1-1365x2048.jpg 1365w, https:\/\/www.herbadiberna.ch\/wp-content\/uploads\/CT2023_Stand-148-13-1-416x624.jpg 416w\" sizes=\"auto, (max-width: 1707px) 100vw, 1707px\" \/><\/figure>\n\n\n\n<figure class=\"wp-block-image size-large\"><img loading=\"lazy\" decoding=\"async\" width=\"2560\" height=\"1707\" data-id=\"26822\" src=\"https:\/\/www.herbadiberna.ch\/wp-content\/uploads\/CT2023_Stand-148-14-1-scaled.jpg\" alt=\"\" class=\"wp-image-26822\" srcset=\"https:\/\/www.herbadiberna.ch\/wp-content\/uploads\/CT2023_Stand-148-14-1-scaled.jpg 2560w, https:\/\/www.herbadiberna.ch\/wp-content\/uploads\/CT2023_Stand-148-14-1-300x200.jpg 300w, https:\/\/www.herbadiberna.ch\/wp-content\/uploads\/CT2023_Stand-148-14-1-1024x683.jpg 1024w, https:\/\/www.herbadiberna.ch\/wp-content\/uploads\/CT2023_Stand-148-14-1-768x512.jpg 768w, https:\/\/www.herbadiberna.ch\/wp-content\/uploads\/CT2023_Stand-148-14-1-1536x1024.jpg 1536w, https:\/\/www.herbadiberna.ch\/wp-content\/uploads\/CT2023_Stand-148-14-1-2048x1365.jpg 2048w, https:\/\/www.herbadiberna.ch\/wp-content\/uploads\/CT2023_Stand-148-14-1-416x277.jpg 416w\" sizes=\"auto, (max-width: 2560px) 100vw, 2560px\" \/><\/figure>\n<figcaption class=\"blocks-gallery-caption\">Stand dell&#8217;Erba di Berna<\/figcaption><\/figure>\n\n<p>Il nostro stand era ancora una volta un vero e proprio Hingugcker (grazie ancora al grande team di costruzione!) e con la &#8220;Jungle Challenge&#8221; oltre 1.000 persone hanno potuto mostrare le loro abilit\u00e0 con la cerbottana. Tanto di cappello alla vostra mira!<\/p>\n\n<p>Anche se le apparenze sono fondamentali per un pubblico cos\u00ec vasto, noi ci occupiamo principalmente di prodotti CBD di alta qualit\u00e0. Siamo stati lieti di ricevere molti feedback positivi, soprattutto per le nostre variet\u00e0 di hashish CBD. Fortunatamente, non solo i visitatori della fiera sono rimasti soddisfatti dei nostri prodotti, ma anche le autorit\u00e0. L&#8217;Autorit\u00e0 per i rimedi naturali, l&#8217;Autorit\u00e0 per il controllo degli alimenti e la polizia hanno visitato il nostro stand per un controllo&#8230;  <\/p>\n\n<blockquote class=\"wp-block-quote is-layout-flow wp-block-quote-is-layout-flow\"><p>La merce offerta da Cannatrade \u00e8 semplicemente fantastica. Erba, abbigliamento in canapa, alimenti in canapa, cosmetici, rimedi, materiale da coltivazione: c&#8217;\u00e8 qualcosa da scoprire per tutti. Questa diversit\u00e0 pu\u00f2 essere superata solo dal programma: entusiasmanti keynote, conferenze illuminanti, Joint Roll Contest e l&#8217;elezione delle migliori variet\u00e0 di cannabis hanno riempito la sala espositiva di vita.<\/p><cite>Philippe Wietlisbach, CEO Herba di Berna<\/cite><\/blockquote>\n\n<p>Grazie a Ben Arn, D\u00e9sir\u00e9e Baumann e a tutti gli altri collaboratori che hanno reso possibile un meraviglioso Cannatrade. Non vediamo l&#8217;ora che arrivi la prossima edizione, il 24-25 maggio 2024 a Zurigo!<\/p>\n\n<div class=\"wp-block-buttons is-layout-flex wp-block-buttons-is-layout-flex\">\n<div class=\"wp-block-button aligncenter\"><a class=\"wp-block-button__link\" href=\"https:\/\/www.herbadiberna.ch\/shop\/\">Al variegato assortimento di Erba di Berna<\/a><\/div>\n<\/div>\n\n<p>Altre impressioni sulla CannaTrade 2023: <a href=\"https:\/\/www.cannatrade.ch\/de\/images\" target=\"_blank\" rel=\"noreferrer noopener\">cannatrade.ch<\/a><\/p>\n","protected":false},"excerpt":{"rendered":"<p>La 17a edizione di Cannatrade si aggiunge senza soluzione di continuit\u00e0 alla storia di successo della fiera svizzera della canapa. Anche quest&#8217;anno \u00e8 stato stabilito un nuovo record con oltre 10.000 visitatori e 150 espositori. Durante i tre giorni, sono state illustrate le molteplici sfaccettature della pianta di canapa e le sue applicazioni. Siamo stati [&hellip;]<\/p>\n","protected":false},"author":200,"featured_media":26801,"comment_status":"closed","ping_status":"closed","sticky":false,"template":"","format":"standard","meta":{"inline_featured_image":false,"footnotes":""},"categories":[309],"tags":[837,838,263],"class_list":["post-26933","post","type-post","status-publish","format-standard","has-post-thumbnail","hentry","category-erba-di-berna","tag-cannatrade-it","tag-fiera","tag-svizzera"],"_links":{"self":[{"href":"https:\/\/www.herbadiberna.ch\/it\/wp-json\/wp\/v2\/posts\/26933","targetHints":{"allow":["GET"]}}],"collection":[{"href":"https:\/\/www.herbadiberna.ch\/it\/wp-json\/wp\/v2\/posts"}],"about":[{"href":"https:\/\/www.herbadiberna.ch\/it\/wp-json\/wp\/v2\/types\/post"}],"author":[{"embeddable":true,"href":"https:\/\/www.herbadiberna.ch\/it\/wp-json\/wp\/v2\/users\/200"}],"replies":[{"embeddable":true,"href":"https:\/\/www.herbadiberna.ch\/it\/wp-json\/wp\/v2\/comments?post=26933"}],"version-history":[{"count":2,"href":"https:\/\/www.herbadiberna.ch\/it\/wp-json\/wp\/v2\/posts\/26933\/revisions"}],"predecessor-version":[{"id":77565,"href":"https:\/\/www.herbadiberna.ch\/it\/wp-json\/wp\/v2\/posts\/26933\/revisions\/77565"}],"wp:featuredmedia":[{"embeddable":true,"href":"https:\/\/www.herbadiberna.ch\/it\/wp-json\/wp\/v2\/media\/26801"}],"wp:attachment":[{"href":"https:\/\/www.herbadiberna.ch\/it\/wp-json\/wp\/v2\/media?parent=26933"}],"wp:term":[{"taxonomy":"category","embeddable":true,"href":"https:\/\/www.herbadiberna.ch\/it\/wp-json\/wp\/v2\/categories?post=26933"},{"taxonomy":"post_tag","embeddable":true,"href":"https:\/\/www.herbadiberna.ch\/it\/wp-json\/wp\/v2\/tags?post=26933"}],"curies":[{"name":"wp","href":"https:\/\/api.w.org\/{rel}","templated":true}]}}