{"id":25890,"date":"2023-04-18T09:15:15","date_gmt":"2023-04-18T08:15:15","guid":{"rendered":"https:\/\/www.herbadiberna.ch\/gratis-11-000-talee-di-canapa-per-la-giornata-mondiale-della-canapa\/"},"modified":"2025-06-27T12:47:53","modified_gmt":"2025-06-27T11:47:53","slug":"gratis-11-000-talee-di-canapa-per-la-giornata-mondiale-della-canapa","status":"publish","type":"post","link":"https:\/\/www.herbadiberna.ch\/it\/blog\/gratis-11-000-talee-di-canapa-per-la-giornata-mondiale-della-canapa\/","title":{"rendered":"Gratis: 11.000 talee di canapa per la Giornata mondiale della canapa"},"content":{"rendered":"\n<p><strong><em>Gioved\u00ec 20 aprile 2023, due aziende svizzere produttrici di canapa distribuiranno 11.000 talee di cannabis CBD legale ai passanti nelle principali stazioni ferroviarie di Berna e Zurigo. L&#8217;industria svizzera della canapa \u00e8 in grave difficolt\u00e0, secondo il messaggio delle due aziende per la Giornata Mondiale della Canapa.<\/em><\/strong><\/p>\n\n<p>Chiunque gioved\u00ec abbia attraversato le principali stazioni ferroviarie di Zurigo e Berna si \u00e8 imbattuto in migliaia di piccole piante di canapa. A frotte, vengono portati con orgoglio dai pendolari attraverso la stazione principale e in citt\u00e0. Si tratta di talee legali di cannabis CBD distribuite gratuitamente dalle due aziende svizzere di canapa <a href=\"http:\/\/www.herbadiberna.ch\" target=\"_blank\" rel=\"noreferrer noopener\">Herba di Berna<\/a> e <a href=\"http:\/\/www.Stecklingsfarm.ch\" target=\"_blank\" rel=\"noreferrer noopener\">Stecklingsfarm.ch<\/a>.<\/p>\n<div class=\"wp-block-image\">\n<figure class=\"aligncenter size-large is-resized\"><img loading=\"lazy\" decoding=\"async\" src=\"https:\/\/www.herbadiberna.ch\/wp-content\/uploads\/\/STECKLINGSAKTION_QUER_NEWSLETTER-1-1024x690.jpg\" alt=\"\" class=\"wp-image-25894\" width=\"516\" height=\"347\" srcset=\"https:\/\/www.herbadiberna.ch\/wp-content\/uploads\/STECKLINGSAKTION_QUER_NEWSLETTER-1-1024x690.jpg 1024w, https:\/\/www.herbadiberna.ch\/wp-content\/uploads\/STECKLINGSAKTION_QUER_NEWSLETTER-1-300x202.jpg 300w, https:\/\/www.herbadiberna.ch\/wp-content\/uploads\/STECKLINGSAKTION_QUER_NEWSLETTER-1-768x517.jpg 768w, https:\/\/www.herbadiberna.ch\/wp-content\/uploads\/STECKLINGSAKTION_QUER_NEWSLETTER-1-1536x1035.jpg 1536w, https:\/\/www.herbadiberna.ch\/wp-content\/uploads\/STECKLINGSAKTION_QUER_NEWSLETTER-1-2048x1379.jpg 2048w, https:\/\/www.herbadiberna.ch\/wp-content\/uploads\/STECKLINGSAKTION_QUER_NEWSLETTER-1-416x280.jpg 416w\" sizes=\"auto, (max-width: 516px) 100vw, 516px\" \/><\/figure>\n<\/div>\n<h2 class=\"wp-block-heading\">L&#8217;industria della canapa si trova di fronte a grandi sfide<\/h2>\n\n<p>Secondo i due direttori, con questa campagna le due aziende vogliono attirare l&#8217;attenzione su due aspetti. Philippe Wietlisbach, CEO di Herba di Berna: &#8220;L&#8217;industria svizzera della canapa sta affrontando gravi sfide. Se la politica non prender\u00e0 presto la giusta direzione, un mercato che vale miliardi soffocher\u00e0&#8221;. L&#8217;ultimo esempio: A causa di una situazione legale poco chiara, il gigante online Galaxus ha tolto dal suo assortimento tutti gli oli di canapa CBD, nonostante la grande richiesta.<\/p>\n\n<p>Altre sfide menzionate sono l&#8217;aumento dei costi energetici, gli effetti sulle strutture salariali e sulla competitivit\u00e0, nonch\u00e9 l&#8217;imminente legalizzazione europea del THC.<\/p>\n\n<p>Allo stesso tempo, la campagna mira a richiamare l&#8217;attenzione sui numerosi usi della pianta di canapa. Jonas Jermann di Stecklingsfarm.ch: &#8220;Vogliamo restituire alla pianta di canapa il valore sociale che merita&#8221;.<\/p>\n\n<h2 class=\"wp-block-heading\">Come ottenere il taglio della canapa<\/h2>\n\n<p>Gioved\u00ec 23 aprile 2023 recatevi alla stazione centrale di Zurigo o di Berna e fatevi tagliare la canapa!<\/p>\n\n<ul class=\"wp-block-list\"><li>HB Zurich: dalle ore 8:30 in varie sedi.<\/li><li>HB Bern: Dalle 13:30 in varie localit\u00e0.<\/li><\/ul>\n\n<p>Vi siete persi l&#8217;azione o non potete venire gioved\u00ec? Nessun problema: le talee di canapa sono disponibili anche negli altri giorni:  <\/p>\n\n<div class=\"wp-block-buttons is-content-justification-center is-layout-flex wp-container-core-buttons-is-layout-a89b3969 wp-block-buttons-is-layout-flex\">\n<div class=\"wp-block-button\"><a class=\"wp-block-button__link\" href=\"https:\/\/www.herbadiberna.ch\/stecklinge\/\" target=\"_blank\" rel=\"noreferrer noopener\">Alle nostre talee CBD<\/a><\/div>\n<\/div>\n","protected":false},"excerpt":{"rendered":"<p>Gioved\u00ec 20 aprile 2023, due aziende svizzere produttrici di canapa distribuiranno 11.000 talee di cannabis CBD legale ai passanti nelle principali stazioni ferroviarie di Berna e Zurigo. L&#8217;industria svizzera della canapa \u00e8 in grave difficolt\u00e0, secondo il messaggio delle due aziende per la Giornata Mondiale della Canapa. Chiunque gioved\u00ec abbia attraversato le principali stazioni ferroviarie [&hellip;]<\/p>\n","protected":false},"author":386,"featured_media":25882,"comment_status":"closed","ping_status":"closed","sticky":false,"template":"","format":"standard","meta":{"inline_featured_image":false,"footnotes":""},"categories":[309,562],"tags":[1292,1296,1261,1295,1293,1291,1263,1294,1260,1259],"class_list":["post-25890","post","type-post","status-publish","format-standard","has-post-thumbnail","hentry","category-erba-di-berna","category-il-fidanzamento","tag-acquista-lolio-di-cbd","tag-acquistare-cbd-sostenibile-online-svizzera","tag-coltivazione-di-cbd-in-svizzera","tag-fiori-cbd-harlequin-premiati","tag-fiori-di-cbd-di-alta-qualita-dalla-svizzera","tag-fiori-di-cbd-svizzera","tag-il-cbd-contro-lo-stress-e-linsonnia","tag-prodotti-cbd-con-consegna-rapida-svizzera","tag-prodotti-di-canapa-biologica-certificata","tag-prodotti-senza-thc-svizzera"],"_links":{"self":[{"href":"https:\/\/www.herbadiberna.ch\/it\/wp-json\/wp\/v2\/posts\/25890","targetHints":{"allow":["GET"]}}],"collection":[{"href":"https:\/\/www.herbadiberna.ch\/it\/wp-json\/wp\/v2\/posts"}],"about":[{"href":"https:\/\/www.herbadiberna.ch\/it\/wp-json\/wp\/v2\/types\/post"}],"author":[{"embeddable":true,"href":"https:\/\/www.herbadiberna.ch\/it\/wp-json\/wp\/v2\/users\/386"}],"replies":[{"embeddable":true,"href":"https:\/\/www.herbadiberna.ch\/it\/wp-json\/wp\/v2\/comments?post=25890"}],"version-history":[{"count":3,"href":"https:\/\/www.herbadiberna.ch\/it\/wp-json\/wp\/v2\/posts\/25890\/revisions"}],"predecessor-version":[{"id":65323,"href":"https:\/\/www.herbadiberna.ch\/it\/wp-json\/wp\/v2\/posts\/25890\/revisions\/65323"}],"wp:featuredmedia":[{"embeddable":true,"href":"https:\/\/www.herbadiberna.ch\/it\/wp-json\/wp\/v2\/media\/25882"}],"wp:attachment":[{"href":"https:\/\/www.herbadiberna.ch\/it\/wp-json\/wp\/v2\/media?parent=25890"}],"wp:term":[{"taxonomy":"category","embeddable":true,"href":"https:\/\/www.herbadiberna.ch\/it\/wp-json\/wp\/v2\/categories?post=25890"},{"taxonomy":"post_tag","embeddable":true,"href":"https:\/\/www.herbadiberna.ch\/it\/wp-json\/wp\/v2\/tags?post=25890"}],"curies":[{"name":"wp","href":"https:\/\/api.w.org\/{rel}","templated":true}]}}