{"id":16135,"date":"2022-07-07T10:16:50","date_gmt":"2022-07-07T09:16:50","guid":{"rendered":"https:\/\/www.herbadiberna.ch\/la-cannabis-al-centro-dellattenzione-del-pubblico\/"},"modified":"2025-06-25T08:18:31","modified_gmt":"2025-06-25T07:18:31","slug":"la-cannabis-al-centro-dellattenzione-del-pubblico","status":"publish","type":"post","link":"https:\/\/www.herbadiberna.ch\/it\/blog\/la-cannabis-al-centro-dellattenzione-del-pubblico\/","title":{"rendered":"La cannabis al centro dell&#8217;attenzione del pubblico"},"content":{"rendered":"\n<p>Comunicato stampa di IG Hanf, 5 luglio 2022<\/p>\n\n<p><em>In qualit\u00e0 di membro di IG Hemp, Herba di Berna riproduce qui l&#8217;ultimo comunicato stampa dell&#8217;associazione:<\/em><\/p>\n\n<p class=\"has-text-align-left\"><strong><em>Le discussioni sui progetti pilota cantonali e un rapporto dell &#8220;Ufficio delle Nazioni Unite sulle<br\/>droghe e il crimine (UNODC) dimostrano ancora una volta l&#8221; urgenza di<br\/>regolamentare la cannabis in Svizzera. La pi\u00f9 importante associazione industriale svizzera,<br\/>IG Hanf, ha preso una posizione ferma sulla questione e afferma: &#8220;La regolamentazione statale pu\u00f2<br\/>avere un \u2018influenza positiva sulla qualit\u00e0 e sulla purezza della cannabis, garantire la protezione dei minori<br\/>e prevenire l\u2019 uso problematico attraverso servizi di informazione, consulenza e supporto<br\/>&#8220;. <\/em><\/strong><br\/><\/p>\n\n<p>Diverse citt\u00e0 svizzere stanno iniziando ad attuare progetti pilota sulla cannabis. Ad esempio,<br\/>Basilea, Zurigo, Losanna e Berna, solo per citarne alcuni. Poich\u00e9 l&#8217;attuazione delle sperimentazioni pilota<br\/>\u00e8 regolata a livello cantonale, esistono differenze in termini di organizzazione. A Zurigo, la distribuzione di<br\/>cannabis \u00e8 regolata dalle farmacie. Losanna, come la Spagna, si affida al modello dei<br\/>Cannabis Social Club come dispensari.   <\/p>\n\n<h2 class=\"wp-block-heading\">Resistenza nel Cantone di Berna<\/h2>\n\n<p>Il governo cantonale bernese, invece, si oppone alla prevista attuazione<br\/>del progetto pilota nella citt\u00e0 di Berna. Secondo la mozione del consigliere dell&#8217;SVP Patrick Freudiger, le farmacie non sono il luogo adatto per distribuire<br\/>sostanze che creano dipendenza. La mozione \u00e8 stata approvata dal consiglio di governo di<br\/>. Spetta ora al Gran Consiglio valutare questa iniziativa politica.<br\/>Nel frattempo, per\u00f2, l&#8217;UFSP ha annullato il Consiglio di Governo. Secondo l&#8217;Ufficio federale della sanit\u00e0 pubblica, il cantone di<br\/>non ha voce in capitolo.    <br\/><\/p>\n\n<h2 class=\"wp-block-heading\">Associazione della canapa: la tassa sui dispensari non ha senso<\/h2>\n\n<p>Anche se IG Hemp non \u00e8 d \u201caccordo con le argomentazioni degli autori della mozione, condivide l\u201d opinione di<br\/>secondo cui le farmacie non sono i dispensari adatti per la cannabis come stimolante. Sarebbe meglio rivolgersi a negozi specializzati con un know-how adeguato. Il fatto che i progetti pilota siano strutturati in modo diverso a seconda del cantone \u00e8 da accogliere con favore, perch\u00e9 servono a ottenere dati scientifici che possono servire come base per il dibattito sulla legalizzazione. In collaborazione con Dipendenze Svizzera e Cannabis Consensus Svizzera, l&#8217;IG Hanf ha sviluppato un piano in 10 punti.<br\/><\/p>\n\n<h2 class=\"wp-block-heading\">Piano in 10 punti per la legalizzazione della canapa in Svizzera<\/h2>\n\n<p>L&#8217;obiettivo del piano in 10 punti dell&#8217;associazione della canapa \u00e8 quello di combinare la sicurezza e la salute pubblica con un&#8217;economia della cannabis svizzera responsabile e sostenibile, radicata a livello regionale. Le peculiarit\u00e0 della struttura federalista dell&#8217;amministrazione svizzera e della politica di<br\/>devono essere prese in considerazione e il gettito fiscale deve essere generato per finanziare le misure di accompagnamento. Ulteriori informazioni:<\/p>\n\n<ol class=\"wp-block-list\"><li>Proteggere i giovani dagli effetti negativi del consumo di cannabis<\/li><li>Promuovere l&#8217;uso di prodotti a base di cannabis con bassi rischi per la salute.<\/li><li>Educare i consumatori sui rischi<\/li><li>Impedire e punire lo svolgimento di determinate attivit\u00e0 professionali sotto l&#8217;effetto della cannabis.<\/li><li>Limitare la cannabis negli spazi pubblici e la pubblicit\u00e0 della cannabis<\/li><li>Controllare la produzione e la qualit\u00e0 della cannabis e garantirne la tracciabilit\u00e0.<\/li><li>Separare il mercato della cannabis terapeutica da quello della cannabis non terapeutica<\/li><li>Vendita di prodotti a base di cannabis nei negozi specializzati<\/li><li>Cannabis fiscale per finanziare le misure di accompagnamento<\/li><li>Regolamentare la produzione di cannabis per uso personale<\/li><\/ol>\n\n<h2 class=\"wp-block-heading\">E cosa dicono i politici?<\/h2>\n\n<p><br\/>I politici che si esprimono a favore della legalizzazione mettono a rischio la salute mentale della Svizzera? &#8220;No, affatto&#8221;, difende il consigliere nazionale del Centro Heinz<br\/>Siegenthaler. \u00c8 proprio per proteggere la salute che \u00e8 importante legalizzare la cannabis: &#8220;Solo<br\/>questo modo possiamo garantire che il consumatore finale riceva un prodotto sottoposto a controlli di qualit\u00e0 e che sia chiaro quanto THC contiene.   Nel caso dell&#8217;alcol, il consumatore finale sa anche quanto ce n&#8217;\u00e8 nella birra e quanto nel whisky&#8221;, afferma Siegenthaler.<br\/><\/p>\n\n<pre class=\"wp-block-preformatted\">\nI<strong>nformazioni su IG Hemp<\/strong> IG Hemp \u00e8 l'associazione di categoria dell'industria svizzera della cannabis. Rappresenta i suoi membri nei confronti di politici, autorit\u00e0 e pubblico. In questo modo, promuove lo scambio e la cooperazione tra i membri, rafforzando cos\u00ec l'industria della cannabis in Svizzera.\n\nLa sua missione \u00e8 quella di creare un mercato della cannabis regolamentato per garantire alla Svizzera un ruolo pionieristico nell'industria globale della cannabis. IG Hanf stabilisce nuovi standard per i suoi membri e per il settore. Innanzitutto con il marchio di qualit\u00e0 Swiss Certified Cannabis, che garantisce l'affidabilit\u00e0 del prodotto e la sicurezza del consumatore. IG Hanf \u00e8 anche membro fondatore dell'associazione Cannabis Consensus Switzerland, in cui organizzazioni e partiti politici si impegnano insieme per un approccio aperto e responsabile alla cannabis.\n\nUlteriori informazioni: www.ighanf.ch | www.swiss-certified-cannabis.ch | www.ighanf.ch\/ehrenkodex<\/pre>\n","protected":false},"excerpt":{"rendered":"<p>Comunicato stampa di IG Hanf, 5 luglio 2022 In qualit\u00e0 di membro di IG Hemp, Herba di Berna riproduce qui l&#8217;ultimo comunicato stampa dell&#8217;associazione: Le discussioni sui progetti pilota cantonali e un rapporto dell &#8220;Ufficio delle Nazioni Unite sulledroghe e il crimine (UNODC) dimostrano ancora una volta l&#8221; urgenza diregolamentare la cannabis in Svizzera. La [&hellip;]<\/p>\n","protected":false},"author":386,"featured_media":16129,"comment_status":"closed","ping_status":"closed","sticky":false,"template":"","format":"standard","meta":{"inline_featured_image":false,"footnotes":""},"categories":[550],"tags":[258,263],"class_list":["post-16135","post","type-post","status-publish","format-standard","has-post-thumbnail","hentry","category-politica","tag-politica","tag-svizzera"],"_links":{"self":[{"href":"https:\/\/www.herbadiberna.ch\/it\/wp-json\/wp\/v2\/posts\/16135","targetHints":{"allow":["GET"]}}],"collection":[{"href":"https:\/\/www.herbadiberna.ch\/it\/wp-json\/wp\/v2\/posts"}],"about":[{"href":"https:\/\/www.herbadiberna.ch\/it\/wp-json\/wp\/v2\/types\/post"}],"author":[{"embeddable":true,"href":"https:\/\/www.herbadiberna.ch\/it\/wp-json\/wp\/v2\/users\/386"}],"replies":[{"embeddable":true,"href":"https:\/\/www.herbadiberna.ch\/it\/wp-json\/wp\/v2\/comments?post=16135"}],"version-history":[{"count":2,"href":"https:\/\/www.herbadiberna.ch\/it\/wp-json\/wp\/v2\/posts\/16135\/revisions"}],"predecessor-version":[{"id":65004,"href":"https:\/\/www.herbadiberna.ch\/it\/wp-json\/wp\/v2\/posts\/16135\/revisions\/65004"}],"wp:featuredmedia":[{"embeddable":true,"href":"https:\/\/www.herbadiberna.ch\/it\/wp-json\/wp\/v2\/media\/16129"}],"wp:attachment":[{"href":"https:\/\/www.herbadiberna.ch\/it\/wp-json\/wp\/v2\/media?parent=16135"}],"wp:term":[{"taxonomy":"category","embeddable":true,"href":"https:\/\/www.herbadiberna.ch\/it\/wp-json\/wp\/v2\/categories?post=16135"},{"taxonomy":"post_tag","embeddable":true,"href":"https:\/\/www.herbadiberna.ch\/it\/wp-json\/wp\/v2\/tags?post=16135"}],"curies":[{"name":"wp","href":"https:\/\/api.w.org\/{rel}","templated":true}]}}