{"id":15627,"date":"2022-06-14T20:09:00","date_gmt":"2022-06-14T19:09:00","guid":{"rendered":"https:\/\/www.herbadiberna.ch\/recensione-di-cannatrade-2022\/"},"modified":"2025-06-27T12:47:34","modified_gmt":"2025-06-27T11:47:34","slug":"recensione-di-cannatrade-2022","status":"publish","type":"post","link":"https:\/\/www.herbadiberna.ch\/it\/blog\/recensione-di-cannatrade-2022\/","title":{"rendered":"Recensione di Cannatrade 2022"},"content":{"rendered":"\n<p>Sono passate alcune settimane da quando <a href=\"https:\/\/www.herbadiberna.ch\/it\/cannatrade-2022\/\">Cannatrade<\/a> ha avuto luogo all&#8217;Expo di Berna. Le aspettative erano grandi, l&#8217;afflusso enorme. Quasi 10.000 persone sono accorse alla pi\u00f9 grande fiera della canapa mai organizzata in Svizzera. Erano presenti oltre 250 espositori provenienti da 40 paesi, tra cui, ovviamente, Herba di Berna.<\/p>\n\n<p>La Berner Zeitung ha titolato <a href=\"https:\/\/www.bernerzeitung.ch\/die-kiffer-sind-wieder-im-hoch-265934277802\">&#8220;I fattoni sono di nuovo fatti&#8221; (abbonamento)<\/a> e ha riferito ampiamente sulla fiera. Una tale copertura mediatica \u00e8 ovviamente un successo, ma questo titolo lascia anche molto fuori. Cannatrade non riguardava certo il fumo dell&#8217;erba: Stand gastronomici, oli di CBD, possibili applicazioni delle fibre di canapa, prodotti medicali e novit\u00e0 dalla ricerca hanno creato un&#8217;atmosfera fieristica variegata.<\/p>\n\n<figure class=\"wp-block-gallery aligncenter has-nested-images columns-default is-cropped wp-block-gallery-1 is-layout-flex wp-block-gallery-is-layout-flex\">\n<figure class=\"wp-block-image size-large\"><img loading=\"lazy\" decoding=\"async\" width=\"1707\" height=\"2560\" data-id=\"15830\" src=\"https:\/\/www.herbadiberna.ch\/wp-content\/uploads\/CT2022_Stand-310-5-scaled.jpg\" alt=\"\" class=\"wp-image-15830\" srcset=\"https:\/\/www.herbadiberna.ch\/wp-content\/uploads\/CT2022_Stand-310-5-scaled.jpg 1707w, https:\/\/www.herbadiberna.ch\/wp-content\/uploads\/CT2022_Stand-310-5-200x300.jpg 200w, https:\/\/www.herbadiberna.ch\/wp-content\/uploads\/CT2022_Stand-310-5-683x1024.jpg 683w, https:\/\/www.herbadiberna.ch\/wp-content\/uploads\/CT2022_Stand-310-5-768x1152.jpg 768w\" sizes=\"auto, (max-width: 1707px) 100vw, 1707px\" \/><\/figure>\n\n\n\n<figure class=\"wp-block-image size-large\"><img loading=\"lazy\" decoding=\"async\" width=\"1707\" height=\"2560\" data-id=\"15826\" src=\"https:\/\/www.herbadiberna.ch\/wp-content\/uploads\/CT2022_Stand-310-13-scaled.jpg\" alt=\"\" class=\"wp-image-15826\" srcset=\"https:\/\/www.herbadiberna.ch\/wp-content\/uploads\/CT2022_Stand-310-13-scaled.jpg 1707w, https:\/\/www.herbadiberna.ch\/wp-content\/uploads\/CT2022_Stand-310-13-200x300.jpg 200w, https:\/\/www.herbadiberna.ch\/wp-content\/uploads\/CT2022_Stand-310-13-683x1024.jpg 683w, https:\/\/www.herbadiberna.ch\/wp-content\/uploads\/CT2022_Stand-310-13-768x1152.jpg 768w\" sizes=\"auto, (max-width: 1707px) 100vw, 1707px\" \/><\/figure>\n\n\n\n<figure class=\"wp-block-image size-large\"><img loading=\"lazy\" decoding=\"async\" width=\"2560\" height=\"1707\" data-id=\"15822\" src=\"https:\/\/www.herbadiberna.ch\/wp-content\/uploads\/CT2022_Stand-310-8-scaled.jpg\" alt=\"\" class=\"wp-image-15822\" srcset=\"https:\/\/www.herbadiberna.ch\/wp-content\/uploads\/CT2022_Stand-310-8-scaled.jpg 2560w, https:\/\/www.herbadiberna.ch\/wp-content\/uploads\/CT2022_Stand-310-8-300x200.jpg 300w, https:\/\/www.herbadiberna.ch\/wp-content\/uploads\/CT2022_Stand-310-8-1024x683.jpg 1024w, https:\/\/www.herbadiberna.ch\/wp-content\/uploads\/CT2022_Stand-310-8-768x512.jpg 768w\" sizes=\"auto, (max-width: 2560px) 100vw, 2560px\" \/><\/figure>\n\n\n\n<figure class=\"wp-block-image size-large\"><img loading=\"lazy\" decoding=\"async\" width=\"1707\" height=\"2560\" data-id=\"15813\" src=\"https:\/\/www.herbadiberna.ch\/wp-content\/uploads\/CT2022_Stand-310-6-scaled.jpg\" alt=\"\" class=\"wp-image-15813\" srcset=\"https:\/\/www.herbadiberna.ch\/wp-content\/uploads\/CT2022_Stand-310-6-scaled.jpg 1707w, https:\/\/www.herbadiberna.ch\/wp-content\/uploads\/CT2022_Stand-310-6-200x300.jpg 200w, https:\/\/www.herbadiberna.ch\/wp-content\/uploads\/CT2022_Stand-310-6-683x1024.jpg 683w, https:\/\/www.herbadiberna.ch\/wp-content\/uploads\/CT2022_Stand-310-6-768x1152.jpg 768w\" sizes=\"auto, (max-width: 1707px) 100vw, 1707px\" \/><\/figure>\n<\/figure>\n\n<p>Nel nostro stand c&#8217;era anche una variet\u00e0 di prodotti diversi: dalle giovani piante allo <a href=\"https:\/\/www.herbadiberna.ch\/sirup\/\">sciroppo<\/a>, ai fiori e ai <a href=\"https:\/\/www.herbadiberna.ch\/it\/prodotti-per-la-cura-del-cbd\/\">cosmetici<\/a>, avevamo di tutto. Anche senza portafoglio, potete beneficiare del nostro stand: Abbiamo distribuito 1.000 kit di caramelle alla folla. Oltre alle informazioni sulla nostra azienda e sulla nostra produzione, le confezioni contenevano una selezione di fiori e altri prodotti della <a href=\"https:\/\/www.herbadiberna.ch\/shop\/\">nostra gamma<\/a>. La selezione di alta qualit\u00e0, senza inutili fuochi d&#8217;artificio e senza plastica, \u00e8 stata accolta molto bene, con nostra grande gioia, e le scatole sono andate a ruba.<\/p>\n\n<p>Ma la cosa pi\u00f9 importante di tutta la fiera siete stati voi e tutti gli altri clienti con cui abbiamo potuto scambiare idee di persona. La vendita di prodotti \u00e8 possibile anche su Internet, ma \u00e8 molto pi\u00f9 facile discutere in una fiera. Abbiamo sentito da voi cosa vi piace e cosa vorreste vedere, abbiamo ricevuto elogi e critiche. <br\/>Quindi \u00e8 stato incredibilmente bello per noi sentire cos\u00ec tanto incoraggiamento per il nostro metodo di coltivazione <a href=\"https:\/\/www.herbadiberna.ch\/it\/terra-viva-per-le-nostre-piante-di-canapa\/\">del suolo vivo<\/a>. Siamo lieti che i nostri investimenti nella sostenibilit\u00e0 e nella qualit\u00e0 siano apprezzati. Soprattutto in un festival del consumo come ogni fiera \u00e8 in una certa misura, vogliamo assolutamente batterci per una produzione sostenibile.<\/p>\n<div class=\"wp-block-image\">\n<figure class=\"aligncenter size-large\"><img loading=\"lazy\" decoding=\"async\" width=\"683\" height=\"1024\" src=\"https:\/\/www.herbadiberna.ch\/wp-content\/uploads\/\/CT2022_Stand-310-11-683x1024.jpg\" alt=\"\" class=\"wp-image-15808\" srcset=\"https:\/\/www.herbadiberna.ch\/wp-content\/uploads\/CT2022_Stand-310-11-683x1024.jpg 683w, https:\/\/www.herbadiberna.ch\/wp-content\/uploads\/CT2022_Stand-310-11-200x300.jpg 200w, https:\/\/www.herbadiberna.ch\/wp-content\/uploads\/CT2022_Stand-310-11-768x1152.jpg 768w, https:\/\/www.herbadiberna.ch\/wp-content\/uploads\/CT2022_Stand-310-11-scaled.jpg 1707w\" sizes=\"auto, (max-width: 683px) 100vw, 683px\" \/><\/figure>\n<\/div>","protected":false},"excerpt":{"rendered":"<p>Sono passate alcune settimane da quando Cannatrade ha avuto luogo all&#8217;Expo di Berna. Le aspettative erano grandi, l&#8217;afflusso enorme. Quasi 10.000 persone sono accorse alla pi\u00f9 grande fiera della canapa mai organizzata in Svizzera. Erano presenti oltre 250 espositori provenienti da 40 paesi, tra cui, ovviamente, Herba di Berna. La Berner Zeitung ha titolato &#8220;I [&hellip;]<\/p>\n","protected":false},"author":200,"featured_media":15807,"comment_status":"closed","ping_status":"closed","sticky":false,"template":"","format":"standard","meta":{"inline_featured_image":false,"footnotes":""},"categories":[309],"tags":[1292,1296,1261,1295,1293,1291,1309,1294,1260,1259],"class_list":["post-15627","post","type-post","status-publish","format-standard","has-post-thumbnail","hentry","category-erba-di-berna","tag-acquista-lolio-di-cbd","tag-acquistare-cbd-sostenibile-online-svizzera","tag-coltivazione-di-cbd-in-svizzera","tag-fiori-cbd-harlequin-premiati","tag-fiori-di-cbd-di-alta-qualita-dalla-svizzera","tag-fiori-di-cbd-svizzera","tag-negozio-online-di-prodotti-cbd","tag-prodotti-cbd-con-consegna-rapida-svizzera","tag-prodotti-di-canapa-biologica-certificata","tag-prodotti-senza-thc-svizzera"],"_links":{"self":[{"href":"https:\/\/www.herbadiberna.ch\/it\/wp-json\/wp\/v2\/posts\/15627","targetHints":{"allow":["GET"]}}],"collection":[{"href":"https:\/\/www.herbadiberna.ch\/it\/wp-json\/wp\/v2\/posts"}],"about":[{"href":"https:\/\/www.herbadiberna.ch\/it\/wp-json\/wp\/v2\/types\/post"}],"author":[{"embeddable":true,"href":"https:\/\/www.herbadiberna.ch\/it\/wp-json\/wp\/v2\/users\/200"}],"replies":[{"embeddable":true,"href":"https:\/\/www.herbadiberna.ch\/it\/wp-json\/wp\/v2\/comments?post=15627"}],"version-history":[{"count":3,"href":"https:\/\/www.herbadiberna.ch\/it\/wp-json\/wp\/v2\/posts\/15627\/revisions"}],"predecessor-version":[{"id":65314,"href":"https:\/\/www.herbadiberna.ch\/it\/wp-json\/wp\/v2\/posts\/15627\/revisions\/65314"}],"wp:featuredmedia":[{"embeddable":true,"href":"https:\/\/www.herbadiberna.ch\/it\/wp-json\/wp\/v2\/media\/15807"}],"wp:attachment":[{"href":"https:\/\/www.herbadiberna.ch\/it\/wp-json\/wp\/v2\/media?parent=15627"}],"wp:term":[{"taxonomy":"category","embeddable":true,"href":"https:\/\/www.herbadiberna.ch\/it\/wp-json\/wp\/v2\/categories?post=15627"},{"taxonomy":"post_tag","embeddable":true,"href":"https:\/\/www.herbadiberna.ch\/it\/wp-json\/wp\/v2\/tags?post=15627"}],"curies":[{"name":"wp","href":"https:\/\/api.w.org\/{rel}","templated":true}]}}