{"id":12309,"date":"2021-01-15T08:40:47","date_gmt":"2021-01-15T07:40:47","guid":{"rendered":"https:\/\/www.herbadiberna.ch\/un-buon-anno-per-ig-hanf-2020\/"},"modified":"2026-01-06T10:36:42","modified_gmt":"2026-01-06T09:36:42","slug":"un-buon-anno-per-ig-hanf-2020","status":"publish","type":"post","link":"https:\/\/www.herbadiberna.ch\/it\/blog\/un-buon-anno-per-ig-hanf-2020\/","title":{"rendered":"Un buon anno per IG Hanf 2020"},"content":{"rendered":"\n<p>Il 2020 \u00e8 stato un anno turbolento e ricco di avvenimenti per tutti noi, ma nonostante tutte le avversit\u00e0, \u00e8 stato un anno di successo per <a href=\"https:\/\/ighanf.ch\">IG Hemp<\/a>: IG Hemp \u00e8 cresciuta fortemente quest&#8217;anno e alla fine dell&#8217;anno ha eletto un nuovo consiglio direttivo eterogeneo, che riflette bene l&#8217;intera membership: Dai &#8220;veterani&#8221; ai dottori di ricerca in scienze naturali, dai dinamici top performer agli imprenditori di start-up, tutto \u00e8 rappresentato.<\/p>\n\n<p>In particolare, vorremmo naturalmente menzionare l&#8217;elezione del nostro <a href=\"https:\/\/www.herbadiberna.ch\/it\/chi-siamo\/\">CEO Phil Wietlisbach<\/a> al consiglio della IG Hanf, che segue con interesse e impegno l&#8217;attuale politica mondiale e della canapa. Ora assume la funzione di segretario.<\/p>\n\n<p><\/p>\n\n<p>IG Hanf \u00e8 in regolare scambio con questo. Hanno ottenuto molto a livello politico e ufficiale negli ultimi mesi. Le parole chiave sono: Licenze di esenzione dal THC, sospensione della tassa sul tabacco da parte della Corte federale, articolo sperimentale per prove pilota, coltivazione per l&#8217;esportazione, primi passi verso una legge di regolamentazione, abolizione dei requisiti del catalogo delle variet\u00e0 dell&#8217;UE.  <\/p>\n\n<p>L&#8217;obiettivo primario del consiglio appena composto rimane il rafforzamento e la professionalizzazione dell&#8217;industria. Il consiglio esecutivo ha quindi deciso alcuni cambiamenti strutturali nella sua ultima riunione: Claudio Buholzer e Thomas B\u00e4r formeranno in futuro una co-presidenza.<\/p>\n\n<p>Nulla impedisce un altro anno di successo per la Comunit\u00e0 d&#8217;Interesse.<\/p>\n\n<p><\/p>\n","protected":false},"excerpt":{"rendered":"<p>Il 2020 \u00e8 stato un anno turbolento e ricco di avvenimenti per tutti noi, ma nonostante tutte le avversit\u00e0, \u00e8 stato un anno di successo per IG Hemp: IG Hemp \u00e8 cresciuta fortemente quest&#8217;anno e alla fine dell&#8217;anno ha eletto un nuovo consiglio direttivo eterogeneo, che riflette bene l&#8217;intera membership: Dai &#8220;veterani&#8221; ai dottori di [&hellip;]<\/p>\n","protected":false},"author":4,"featured_media":76584,"comment_status":"closed","ping_status":"closed","sticky":false,"template":"","format":"standard","meta":{"inline_featured_image":false,"footnotes":""},"categories":[309,562,201],"tags":[1292,1296,1262,1261,1295,1293,1291,1309,1260,1259],"class_list":["post-12309","post","type-post","status-publish","format-standard","has-post-thumbnail","hentry","category-erba-di-berna","category-il-fidanzamento","category-storie","tag-acquista-lolio-di-cbd","tag-acquistare-cbd-sostenibile-online-svizzera","tag-capire-gli-effetti-dei-cannabinoidi","tag-coltivazione-di-cbd-in-svizzera","tag-fiori-cbd-harlequin-premiati","tag-fiori-di-cbd-di-alta-qualita-dalla-svizzera","tag-fiori-di-cbd-svizzera","tag-negozio-online-di-prodotti-cbd","tag-prodotti-di-canapa-biologica-certificata","tag-prodotti-senza-thc-svizzera"],"_links":{"self":[{"href":"https:\/\/www.herbadiberna.ch\/it\/wp-json\/wp\/v2\/posts\/12309","targetHints":{"allow":["GET"]}}],"collection":[{"href":"https:\/\/www.herbadiberna.ch\/it\/wp-json\/wp\/v2\/posts"}],"about":[{"href":"https:\/\/www.herbadiberna.ch\/it\/wp-json\/wp\/v2\/types\/post"}],"author":[{"embeddable":true,"href":"https:\/\/www.herbadiberna.ch\/it\/wp-json\/wp\/v2\/users\/4"}],"replies":[{"embeddable":true,"href":"https:\/\/www.herbadiberna.ch\/it\/wp-json\/wp\/v2\/comments?post=12309"}],"version-history":[{"count":2,"href":"https:\/\/www.herbadiberna.ch\/it\/wp-json\/wp\/v2\/posts\/12309\/revisions"}],"predecessor-version":[{"id":68208,"href":"https:\/\/www.herbadiberna.ch\/it\/wp-json\/wp\/v2\/posts\/12309\/revisions\/68208"}],"wp:featuredmedia":[{"embeddable":true,"href":"https:\/\/www.herbadiberna.ch\/it\/wp-json\/wp\/v2\/media\/76584"}],"wp:attachment":[{"href":"https:\/\/www.herbadiberna.ch\/it\/wp-json\/wp\/v2\/media?parent=12309"}],"wp:term":[{"taxonomy":"category","embeddable":true,"href":"https:\/\/www.herbadiberna.ch\/it\/wp-json\/wp\/v2\/categories?post=12309"},{"taxonomy":"post_tag","embeddable":true,"href":"https:\/\/www.herbadiberna.ch\/it\/wp-json\/wp\/v2\/tags?post=12309"}],"curies":[{"name":"wp","href":"https:\/\/api.w.org\/{rel}","templated":true}]}}