{"id":19559,"date":"2022-11-14T15:09:31","date_gmt":"2022-11-14T14:09:31","guid":{"rendered":"https:\/\/www.herbadiberna.ch\/consommation-de-cannabis-chez-les-seniors\/"},"modified":"2023-08-10T08:07:04","modified_gmt":"2023-08-10T07:07:04","slug":"consommation-de-cannabis-chez-les-seniors","status":"publish","type":"post","link":"https:\/\/www.herbadiberna.ch\/fr\/blog\/consommation-de-cannabis-chez-les-seniors\/","title":{"rendered":"Consommation de cannabis chez les seniors"},"content":{"rendered":"\n<p class=\"wp-block-paragraph\"><strong>De plus en plus de seniors* d\u00e9clarent consommer du cannabis. Souvent, ce sont des raisons m\u00e9dicales qui sont au premier plan.<\/strong><\/p>\n\n<p class=\"wp-block-paragraph\">En juillet 2023, une \u00e9tude a \u00e9t\u00e9 publi\u00e9e sur le potentiel des produits au CBD en Suisse. Il en ressort que les seniors sont de plus en plus int\u00e9ress\u00e9s par les produits au CBD. Ainsi, 30% des personnes interrog\u00e9es \u00e2g\u00e9es de plus de 60 ans ont indiqu\u00e9 qu&rsquo;elles \u00ab\u00a0pourraient s&rsquo;imaginer utiliser des produits CBD\u00a0\u00bb. Ce chiffre n&rsquo;a jamais \u00e9t\u00e9 aussi \u00e9lev\u00e9 pour aucune autre g\u00e9n\u00e9ration.<sup><a href=\"https:\/\/4378668.fs1.hubspotusercontent-na1.net\/hubfs\/4378668\/Pressemitteilungen%20Extern\/230719%20LINK%20CBD-Nutzungs%20Studie%20Report.pdf\" target=\"_blank\" rel=\"noreferrer noopener\">[1]<\/a><\/sup><\/p>\n\n<h4 class=\"wp-block-heading\">Pourquoi les seniors veulent-ils du cannabis ?<\/h4>\n\n<p class=\"wp-block-paragraph\">Il y a plusieurs raisons pour lesquelles les personnes \u00e2g\u00e9es consomment du cannabis. L&rsquo;un d&rsquo;entre eux est l&rsquo;acceptation croissante par la soci\u00e9t\u00e9. De plus en plus de personnes estiment que les avantages m\u00e9dicaux du cannabis devraient au moins \u00eatre mieux \u00e9tudi\u00e9s, alors que les inqui\u00e9tudes sont actuellement plut\u00f4t en retrait.<a href=\"https:\/\/agsjournals.onlinelibrary.wiley.com\/doi\/10.1111\/jgs.17213\">\n  <sup>[2]<\/sup>\n<\/a> Il en r\u00e9sulte que les seniors* peuvent consommer du cannabis en toute bonne conscience, parfois m\u00eame comme simple produit d&rsquo;agr\u00e9ment.  <\/p>\n\n<h4 class=\"wp-block-heading\">Utilisation m\u00e9dicale du cannabis<\/h4>\n\n<p class=\"wp-block-paragraph\">Enfin, c&rsquo;est surtout l&rsquo;usage m\u00e9dical qui est en ligne de mire : de nombreux consommateurs* \u00e2g\u00e9s d\u00e9clarent prendre du cannabis \u00e0 des fins m\u00e9dicales. Comme les probl\u00e8mes tels que les douleurs chroniques sont plus fr\u00e9quents avec l&rsquo;\u00e2ge, il est \u00e9vident que de nombreux seniors* - dans l&rsquo;espoir de devoir supporter le moins possible d&rsquo;effets secondaires d\u00e9sagr\u00e9ables - sont int\u00e9ress\u00e9s par la m\u00e9decine au cannabis.<a href=\"https:\/\/www.tandfonline.com\/doi\/full\/10.1080\/00952990.2021.1908318\"><sup>[3]<\/sup><\/a><\/p>\n\n<p class=\"wp-block-paragraph\">Outre les changements sociaux et politiques, les d\u00e9couvertes scientifiques entra\u00eenent \u00e9galement une augmentation de l&rsquo;utilisation m\u00e9dicale du cannabis. Par exemple, le \u00ab\u00a0Journal of Clinical Medicine\u00a0\u00bb a publi\u00e9 en 2019 une <a href=\"https:\/\/www.ncbi.nlm.nih.gov\/pmc\/articles\/PMC6912698\/\">\u00e9tude <\/a>qui a d\u00e9montr\u00e9 une grande efficacit\u00e9 du cannabis avec peu de risques.<br\/>Il existe \u00e9galement des \u00e9tudes men\u00e9es en Europe, comme par exemple cette <a href=\"https:\/\/pubmed.ncbi.nlm.nih.gov\/29398248\/\">\u00e9tude de 2018<\/a> qui conclut que l&rsquo;utilisation de produits \u00e0 base de cannabis m\u00e9dical chez les seniors* est s\u00fbre et efficace.<\/p>\n\n<p class=\"wp-block-paragraph\">N\u00e9anmoins, comme dans de nombreux autres domaines, il faut absolument davantage d&rsquo;\u00e9tudes probantes pour les seniors* et les applications m\u00e9dicales. En attendant, il est difficile pour de nombreux m\u00e9decins* et le personnel des pharmacies de recommander des produits \u00e0 base de cannabis m\u00e9dical.<\/p>\n\n<div class=\"wp-block-buttons is-content-justification-center is-layout-flex wp-container-core-buttons-is-layout-3e41869c wp-block-buttons-is-layout-flex\">\n<div class=\"wp-block-button\"><a class=\"wp-block-button__link\" href=\"https:\/\/www.herbadiberna.ch\/pflegeprodukte\/\">Produits de soin au CBD dans la boutique<\/a><\/div>\n<\/div>\n","protected":false},"excerpt":{"rendered":"<p>De plus en plus de seniors* d\u00e9clarent consommer du cannabis. Souvent, ce sont des raisons m\u00e9dicales qui sont au premier plan. En juillet 2023, une \u00e9tude a \u00e9t\u00e9 publi\u00e9e sur le potentiel des produits au CBD en Suisse. Il en ressort que les seniors sont de plus en plus int\u00e9ress\u00e9s par les produits au CBD. [&hellip;]<\/p>\n","protected":false},"author":200,"featured_media":19433,"comment_status":"closed","ping_status":"closed","sticky":false,"template":"","format":"standard","meta":{"footnotes":""},"categories":[560,559],"tags":[259,571],"class_list":["post-19559","post","type-post","status-publish","format-standard","has-post-thumbnail","hentry","category-connaissance","category-protection-des-consommateurs","tag-chanvre-medical","tag-personnes-agees"],"_links":{"self":[{"href":"https:\/\/www.herbadiberna.ch\/fr\/wp-json\/wp\/v2\/posts\/19559","targetHints":{"allow":["GET"]}}],"collection":[{"href":"https:\/\/www.herbadiberna.ch\/fr\/wp-json\/wp\/v2\/posts"}],"about":[{"href":"https:\/\/www.herbadiberna.ch\/fr\/wp-json\/wp\/v2\/types\/post"}],"author":[{"embeddable":true,"href":"https:\/\/www.herbadiberna.ch\/fr\/wp-json\/wp\/v2\/users\/200"}],"replies":[{"embeddable":true,"href":"https:\/\/www.herbadiberna.ch\/fr\/wp-json\/wp\/v2\/comments?post=19559"}],"version-history":[{"count":0,"href":"https:\/\/www.herbadiberna.ch\/fr\/wp-json\/wp\/v2\/posts\/19559\/revisions"}],"wp:featuredmedia":[{"embeddable":true,"href":"https:\/\/www.herbadiberna.ch\/fr\/wp-json\/wp\/v2\/media\/19433"}],"wp:attachment":[{"href":"https:\/\/www.herbadiberna.ch\/fr\/wp-json\/wp\/v2\/media?parent=19559"}],"wp:term":[{"taxonomy":"category","embeddable":true,"href":"https:\/\/www.herbadiberna.ch\/fr\/wp-json\/wp\/v2\/categories?post=19559"},{"taxonomy":"post_tag","embeddable":true,"href":"https:\/\/www.herbadiberna.ch\/fr\/wp-json\/wp\/v2\/tags?post=19559"}],"curies":[{"name":"wp","href":"https:\/\/api.w.org\/{rel}","templated":true}]}}