{"id":15623,"date":"2022-06-14T20:09:00","date_gmt":"2022-06-14T19:09:00","guid":{"rendered":"https:\/\/www.herbadiberna.ch\/retour-sur-le-cannatrade-2022\/"},"modified":"2025-06-27T12:47:34","modified_gmt":"2025-06-27T11:47:34","slug":"retour-sur-le-cannatrade-2022","status":"publish","type":"post","link":"https:\/\/www.herbadiberna.ch\/fr\/blog\/retour-sur-le-cannatrade-2022\/","title":{"rendered":"Retour sur le Cannatrade 2022"},"content":{"rendered":"\n<p class=\"wp-block-paragraph\">Cela fait d\u00e9j\u00e0 quelques semaines que le <a href=\"https:\/\/www.herbadiberna.ch\/fr\/cannatrade-2022\/\">Cannatrade<\/a> s&rsquo;est tenu sur le site de l&rsquo;Expo de Berne. Les attentes \u00e9taient grandes, l&rsquo;affluence \u00e9norme. Pr\u00e8s de 10&rsquo;000 personnes ont afflu\u00e9 \u00e0 la plus grande foire du chanvre jamais organis\u00e9e en Suisse. Plus de 250 exposants de 40 pays \u00e9taient pr\u00e9sents, dont bien s\u00fbr nous, Herba di Berna.<\/p>\n\n<p class=\"wp-block-paragraph\">La Berner Zeitung a titr\u00e9 <a href=\"https:\/\/www.bernerzeitung.ch\/die-kiffer-sind-wieder-im-hoch-265934277802\">\u00ab\u00a0Les fumeurs de cannabis sont de nouveau au top\u00a0\u00bb (abonnement)<\/a> et a largement couvert le salon. Un tel \u00e9cho m\u00e9diatique est bien s\u00fbr un succ\u00e8s, mais ce titre laisse aussi de c\u00f4t\u00e9 beaucoup de choses. En effet, la Cannatrade ne portait pas sur la fumette : Les stands alimentaires, les huiles CBD, les possibilit\u00e9s d&rsquo;utilisation des fibres de chanvre, les produits m\u00e9dicaux et les nouveaut\u00e9s en mati\u00e8re de recherche ont cr\u00e9\u00e9 une ambiance de foire vari\u00e9e.<\/p>\n\n<figure class=\"wp-block-gallery aligncenter has-nested-images columns-default is-cropped wp-block-gallery-1 is-layout-flex wp-block-gallery-is-layout-flex\">\n<figure class=\"wp-block-image size-large\"><img loading=\"lazy\" decoding=\"async\" width=\"1707\" height=\"2560\" data-id=\"15830\" src=\"https:\/\/www.herbadiberna.ch\/wp-content\/uploads\/CT2022_Stand-310-5-scaled.jpg\" alt=\"\" class=\"wp-image-15830\" srcset=\"https:\/\/www.herbadiberna.ch\/wp-content\/uploads\/CT2022_Stand-310-5-scaled.jpg 1707w, https:\/\/www.herbadiberna.ch\/wp-content\/uploads\/CT2022_Stand-310-5-200x300.jpg 200w, https:\/\/www.herbadiberna.ch\/wp-content\/uploads\/CT2022_Stand-310-5-683x1024.jpg 683w, https:\/\/www.herbadiberna.ch\/wp-content\/uploads\/CT2022_Stand-310-5-768x1152.jpg 768w\" sizes=\"auto, (max-width: 1707px) 100vw, 1707px\" \/><\/figure>\n\n\n\n<figure class=\"wp-block-image size-large\"><img loading=\"lazy\" decoding=\"async\" width=\"1707\" height=\"2560\" data-id=\"15826\" src=\"https:\/\/www.herbadiberna.ch\/wp-content\/uploads\/CT2022_Stand-310-13-scaled.jpg\" alt=\"\" class=\"wp-image-15826\" srcset=\"https:\/\/www.herbadiberna.ch\/wp-content\/uploads\/CT2022_Stand-310-13-scaled.jpg 1707w, https:\/\/www.herbadiberna.ch\/wp-content\/uploads\/CT2022_Stand-310-13-200x300.jpg 200w, https:\/\/www.herbadiberna.ch\/wp-content\/uploads\/CT2022_Stand-310-13-683x1024.jpg 683w, https:\/\/www.herbadiberna.ch\/wp-content\/uploads\/CT2022_Stand-310-13-768x1152.jpg 768w\" sizes=\"auto, (max-width: 1707px) 100vw, 1707px\" \/><\/figure>\n\n\n\n<figure class=\"wp-block-image size-large\"><img loading=\"lazy\" decoding=\"async\" width=\"2560\" height=\"1707\" data-id=\"15822\" src=\"https:\/\/www.herbadiberna.ch\/wp-content\/uploads\/CT2022_Stand-310-8-scaled.jpg\" alt=\"\" class=\"wp-image-15822\" srcset=\"https:\/\/www.herbadiberna.ch\/wp-content\/uploads\/CT2022_Stand-310-8-scaled.jpg 2560w, https:\/\/www.herbadiberna.ch\/wp-content\/uploads\/CT2022_Stand-310-8-300x200.jpg 300w, https:\/\/www.herbadiberna.ch\/wp-content\/uploads\/CT2022_Stand-310-8-1024x683.jpg 1024w, https:\/\/www.herbadiberna.ch\/wp-content\/uploads\/CT2022_Stand-310-8-768x512.jpg 768w\" sizes=\"auto, (max-width: 2560px) 100vw, 2560px\" \/><\/figure>\n\n\n\n<figure class=\"wp-block-image size-large\"><img loading=\"lazy\" decoding=\"async\" width=\"1707\" height=\"2560\" data-id=\"15813\" src=\"https:\/\/www.herbadiberna.ch\/wp-content\/uploads\/CT2022_Stand-310-6-scaled.jpg\" alt=\"\" class=\"wp-image-15813\" srcset=\"https:\/\/www.herbadiberna.ch\/wp-content\/uploads\/CT2022_Stand-310-6-scaled.jpg 1707w, https:\/\/www.herbadiberna.ch\/wp-content\/uploads\/CT2022_Stand-310-6-200x300.jpg 200w, https:\/\/www.herbadiberna.ch\/wp-content\/uploads\/CT2022_Stand-310-6-683x1024.jpg 683w, https:\/\/www.herbadiberna.ch\/wp-content\/uploads\/CT2022_Stand-310-6-768x1152.jpg 768w\" sizes=\"auto, (max-width: 1707px) 100vw, 1707px\" \/><\/figure>\n<\/figure>\n\n<p class=\"wp-block-paragraph\">Notre stand pr\u00e9sentait lui aussi une multitude de produits diff\u00e9rents : des jeunes plantes aux <a href=\"https:\/\/www.herbadiberna.ch\/sirup\/\">sirops<\/a>, en passant par les fleurs et <a href=\"https:\/\/www.herbadiberna.ch\/fr\/produits-de-soins-au-cbd\/\">les produits cosm\u00e9tiques<\/a>, on trouvait de tout chez nous. M\u00eame sans porte-monnaie, il \u00e9tait possible de profiter de notre stand : Nous avons distribu\u00e9 1&rsquo;000 sets de goodies \u00e0 la foule. Outre des informations sur notre entreprise et notre production, les bo\u00eetes de goodies contenaient une s\u00e9lection de fleurs et d&rsquo;autres produits de <a href=\"https:\/\/www.herbadiberna.ch\/shop\/\">notre gamme<\/a>. La s\u00e9lection de qualit\u00e9, sans firelfance inutile - et sans plastique - a \u00e9t\u00e9 tr\u00e8s bien accueillie, \u00e0 notre grande joie, et les bo\u00eetes se sont vendues comme des petits pains chauds.<\/p>\n\n<p class=\"wp-block-paragraph\">Mais le plus important dans tout ce salon, c&rsquo;\u00e9tait vous et tous les autres clients avec lesquels nous avons pu \u00e9changer personnellement. Vendre des produits est \u00e9galement possible sur Internet, mais il est beaucoup plus facile de discuter lors d&rsquo;un salon. Nous avons entendu de votre part ce que vous aimiez et ce que vous souhaitiez, nous avons re\u00e7u des \u00e9loges et des critiques. <br\/>Nous avons donc \u00e9t\u00e9 ravis d&rsquo;entendre autant d&rsquo;encouragements pour notre m\u00e9thode de culture <a href=\"https:\/\/www.herbadiberna.ch\/fr\/un-sol-vivant-pour-nos-plantes-de-chanvre\/\">en sol vivant<\/a>. Nous sommes heureux que notre investissement dans la durabilit\u00e9 et la qualit\u00e9 soit appr\u00e9ci\u00e9 \u00e0 sa juste valeur. En particulier lors d&rsquo;une telle f\u00eate de la consommation, comme l&rsquo;est chaque salon dans une certaine mesure, nous voulons absolument nous engager pour une production durable.<\/p>\n<div class=\"wp-block-image\">\n<figure class=\"aligncenter size-large\"><img loading=\"lazy\" decoding=\"async\" width=\"683\" height=\"1024\" src=\"https:\/\/www.herbadiberna.ch\/wp-content\/uploads\/\/CT2022_Stand-310-11-683x1024.jpg\" alt=\"\" class=\"wp-image-15808\" srcset=\"https:\/\/www.herbadiberna.ch\/wp-content\/uploads\/CT2022_Stand-310-11-683x1024.jpg 683w, https:\/\/www.herbadiberna.ch\/wp-content\/uploads\/CT2022_Stand-310-11-200x300.jpg 200w, https:\/\/www.herbadiberna.ch\/wp-content\/uploads\/CT2022_Stand-310-11-768x1152.jpg 768w, https:\/\/www.herbadiberna.ch\/wp-content\/uploads\/CT2022_Stand-310-11-scaled.jpg 1707w\" sizes=\"auto, (max-width: 683px) 100vw, 683px\" \/><\/figure>\n<\/div>","protected":false},"excerpt":{"rendered":"<p>Cela fait d\u00e9j\u00e0 quelques semaines que le Cannatrade s&rsquo;est tenu sur le site de l&rsquo;Expo de Berne. Les attentes \u00e9taient grandes, l&rsquo;affluence \u00e9norme. Pr\u00e8s de 10&rsquo;000 personnes ont afflu\u00e9 \u00e0 la plus grande foire du chanvre jamais organis\u00e9e en Suisse. Plus de 250 exposants de 40 pays \u00e9taient pr\u00e9sents, dont bien s\u00fbr nous, Herba di [&hellip;]<\/p>\n","protected":false},"author":200,"featured_media":15806,"comment_status":"closed","ping_status":"closed","sticky":false,"template":"","format":"standard","meta":{"footnotes":""},"categories":[300],"tags":[1298,1302,1311,1266,1299,1301,1297,1300,1265,1264],"class_list":["post-15623","post","type-post","status-publish","format-standard","has-post-thumbnail","hentry","category-herba-di-berna-fr","tag-acheter-de-lhuile-de-cbd","tag-acheter-du-cbd-durable-en-ligne-suisse","tag-boutique-en-ligne-de-produits-cbd","tag-culture-de-cbd-en-suisse","tag-fleurs-de-cbd-de-haute-qualite-en-provenance-de-suisse","tag-fleurs-de-cbd-harlequin-primees","tag-fleurs-de-cbd-suisse","tag-produits-cbd-avec-livraison-rapide-suisse","tag-produits-de-chanvre-certifies-biologiques","tag-produits-sans-thc-suisse"],"_links":{"self":[{"href":"https:\/\/www.herbadiberna.ch\/fr\/wp-json\/wp\/v2\/posts\/15623","targetHints":{"allow":["GET"]}}],"collection":[{"href":"https:\/\/www.herbadiberna.ch\/fr\/wp-json\/wp\/v2\/posts"}],"about":[{"href":"https:\/\/www.herbadiberna.ch\/fr\/wp-json\/wp\/v2\/types\/post"}],"author":[{"embeddable":true,"href":"https:\/\/www.herbadiberna.ch\/fr\/wp-json\/wp\/v2\/users\/200"}],"replies":[{"embeddable":true,"href":"https:\/\/www.herbadiberna.ch\/fr\/wp-json\/wp\/v2\/comments?post=15623"}],"version-history":[{"count":3,"href":"https:\/\/www.herbadiberna.ch\/fr\/wp-json\/wp\/v2\/posts\/15623\/revisions"}],"predecessor-version":[{"id":65316,"href":"https:\/\/www.herbadiberna.ch\/fr\/wp-json\/wp\/v2\/posts\/15623\/revisions\/65316"}],"wp:featuredmedia":[{"embeddable":true,"href":"https:\/\/www.herbadiberna.ch\/fr\/wp-json\/wp\/v2\/media\/15806"}],"wp:attachment":[{"href":"https:\/\/www.herbadiberna.ch\/fr\/wp-json\/wp\/v2\/media?parent=15623"}],"wp:term":[{"taxonomy":"category","embeddable":true,"href":"https:\/\/www.herbadiberna.ch\/fr\/wp-json\/wp\/v2\/categories?post=15623"},{"taxonomy":"post_tag","embeddable":true,"href":"https:\/\/www.herbadiberna.ch\/fr\/wp-json\/wp\/v2\/tags?post=15623"}],"curies":[{"name":"wp","href":"https:\/\/api.w.org\/{rel}","templated":true}]}}