{"id":12446,"date":"2021-12-20T21:12:42","date_gmt":"2021-12-20T20:12:42","guid":{"rendered":"https:\/\/www.herbadiberna.ch\/reves-surs-un-centre-dhebergement-durgence-pour-les-jeunes\/"},"modified":"2025-08-13T17:49:14","modified_gmt":"2025-08-13T16:49:14","slug":"reves-surs-un-centre-dhebergement-durgence-pour-les-jeunes","status":"publish","type":"post","link":"https:\/\/www.herbadiberna.ch\/fr\/blog\/reves-surs-un-centre-dhebergement-durgence-pour-les-jeunes\/","title":{"rendered":"R\u00eaves s\u00fbrs - Un centre d&rsquo;h\u00e9bergement d&rsquo;urgence pour les jeunes"},"content":{"rendered":"\n<p>L&rsquo;association<a href=\"https:\/\/sichere-traeume.ch\">\u00ab\u00a0R\u00eaves s\u00fbrs - Sichere Tr\u00e4ume<\/a>\u00a0\u00bb veut offrir aux jeunes un toit s\u00fbr au-dessus de leur t\u00eate. Derri\u00e8re ce projet se trouvent des personnes issues de l&rsquo;animation jeunesse en milieu ouvert et de l&rsquo;aide de rue. Pour elle, il est clair qu&rsquo;il manque \u00e0 Berne un centre d&rsquo;h\u00e9bergement d&rsquo;urgence pour les jeunes. Il existe certes des centres d&rsquo;h\u00e9bergement d&rsquo;urgence qui, en th\u00e9orie, pourraient en partie \u00eatre utilis\u00e9s par les jeunes, mais dans la pratique, les obstacles sont souvent trop \u00e9lev\u00e9s. C&rsquo;est pourquoi il faut un centre d&rsquo;h\u00e9bergement d&rsquo;urgence encadr\u00e9 mais \u00e0 bas seuil.<br\/>Au lieu que les jeunes passent la nuit dans l&rsquo;espace public, dans des lieux peu s\u00fbrs ou m\u00eame chez des personnes qui ne sont pas fiables, ils doivent avoir la possibilit\u00e9 de se rendre volontairement et gratuitement dans un lieu s\u00fbr. Dans un tel lieu s\u00fbr, les besoins fondamentaux des personnes sont satisfaits et du personnel sp\u00e9cialis\u00e9 assure un soutien professionnel. Personne n&rsquo;est oblig\u00e9 de recourir \u00e0 une offre, mais tous devraient avoir la possibilit\u00e9 de le faire. Tout le monde devrait pouvoir r\u00eaver en toute s\u00e9curit\u00e9.<\/p>\n\n<p>Un <a href=\"https:\/\/www.crowdify.net\/de\/projekt\/jugendnotschlafstelle\/project\">crowdfunding est actuellement en cours pour le centre d&rsquo;h\u00e9bergement d&rsquo;urgence pour jeunes<\/a> afin d&rsquo;assurer le financement de la premi\u00e8re ann\u00e9e du projet pilote. Nous, Herba di Berna AG, avons \u00e9t\u00e9 sollicit\u00e9s pour soutenir ce crowdfunding. Nous le faisons tr\u00e8s volontiers, car nous sommes convaincus que l&rsquo;association R\u00eaves s\u00fbrs fera un excellent travail, qui intervient \u00e0 un moment incroyablement important de la vie des personnes concern\u00e9es.<br\/>Concr\u00e8tement, cela signifie pour nous que nous voulons d&rsquo;une part attirer l&rsquo;attention sur ce magnifique projet par le biais de ce billet de blog et que nous avons d&rsquo;autre part soutenu le crowdfunding sous forme de \u00ab\u00a0goodies\u00a0\u00bb. Pour une contribution de 50 francs, nous vous offrons un petit merci de notre culture.<\/p>\n\n<p>Nous esp\u00e9rons vivement pouvoir contribuer \u00e0 la r\u00e9ussite de ce projet. Vous aussi, soutenez ce projet, profitez du petit merci et du bon sentiment, assumez votre engagement, parlez de ce projet \u00e0 d&rsquo;autres personnes et soutenez l&rsquo;association dans les m\u00e9dias sociaux, par exemple en suivant le <a href=\"https:\/\/www.facebook.com\/reves.surs.bern\">compte Facebook de \u00ab\u00a0R\u00eaves S\u00fbrs\u00a0\u00bb<\/a>. A une p\u00e9riode de No\u00ebl solidaire qui doit profiter \u00e0 tous.<\/p>\n","protected":false},"excerpt":{"rendered":"<p>L&rsquo;association\u00ab\u00a0R\u00eaves s\u00fbrs - Sichere Tr\u00e4ume\u00a0\u00bb veut offrir aux jeunes un toit s\u00fbr au-dessus de leur t\u00eate. Derri\u00e8re ce projet se trouvent des personnes issues de l&rsquo;animation jeunesse en milieu ouvert et de l&rsquo;aide de rue. Pour elle, il est clair qu&rsquo;il manque \u00e0 Berne un centre d&rsquo;h\u00e9bergement d&rsquo;urgence pour les jeunes. Il existe certes des [&hellip;]<\/p>\n","protected":false},"author":200,"featured_media":12121,"comment_status":"closed","ping_status":"closed","sticky":false,"template":"","format":"standard","meta":{"inline_featured_image":false,"footnotes":""},"categories":[563,300,207],"tags":[308],"class_list":["post-12446","post","type-post","status-publish","format-standard","has-post-thumbnail","hentry","category-engagement-fr","category-herba-di-berna-fr","category-histoires","tag-social"],"_links":{"self":[{"href":"https:\/\/www.herbadiberna.ch\/fr\/wp-json\/wp\/v2\/posts\/12446","targetHints":{"allow":["GET"]}}],"collection":[{"href":"https:\/\/www.herbadiberna.ch\/fr\/wp-json\/wp\/v2\/posts"}],"about":[{"href":"https:\/\/www.herbadiberna.ch\/fr\/wp-json\/wp\/v2\/types\/post"}],"author":[{"embeddable":true,"href":"https:\/\/www.herbadiberna.ch\/fr\/wp-json\/wp\/v2\/users\/200"}],"replies":[{"embeddable":true,"href":"https:\/\/www.herbadiberna.ch\/fr\/wp-json\/wp\/v2\/comments?post=12446"}],"version-history":[{"count":2,"href":"https:\/\/www.herbadiberna.ch\/fr\/wp-json\/wp\/v2\/posts\/12446\/revisions"}],"predecessor-version":[{"id":68174,"href":"https:\/\/www.herbadiberna.ch\/fr\/wp-json\/wp\/v2\/posts\/12446\/revisions\/68174"}],"wp:featuredmedia":[{"embeddable":true,"href":"https:\/\/www.herbadiberna.ch\/fr\/wp-json\/wp\/v2\/media\/12121"}],"wp:attachment":[{"href":"https:\/\/www.herbadiberna.ch\/fr\/wp-json\/wp\/v2\/media?parent=12446"}],"wp:term":[{"taxonomy":"category","embeddable":true,"href":"https:\/\/www.herbadiberna.ch\/fr\/wp-json\/wp\/v2\/categories?post=12446"},{"taxonomy":"post_tag","embeddable":true,"href":"https:\/\/www.herbadiberna.ch\/fr\/wp-json\/wp\/v2\/tags?post=12446"}],"curies":[{"name":"wp","href":"https:\/\/api.w.org\/{rel}","templated":true}]}}