{"id":12391,"date":"2021-12-14T12:07:32","date_gmt":"2021-12-14T11:07:32","guid":{"rendered":"https:\/\/www.herbadiberna.ch\/ou-nos-produits-sont-affines\/"},"modified":"2025-06-27T12:46:13","modified_gmt":"2025-06-27T11:46:13","slug":"ou-nos-produits-sont-affines","status":"publish","type":"post","link":"https:\/\/www.herbadiberna.ch\/fr\/blog\/ou-nos-produits-sont-affines\/","title":{"rendered":"O\u00f9 nos produits sont affin\u00e9s"},"content":{"rendered":"\n<p class=\"wp-block-paragraph\">La collaboration entre nous et les ateliers de <a href=\"https:\/\/www.vebo.ch\/\">VEBO<\/a> \u00e0 Granges et du <a href=\"https:\/\/www.zentrumoberwald.ch\/\">centre Oberwald<\/a> de Soleure est tr\u00e8s importante pour nous. Nous soutenons volontiers cette coop\u00e9ration fructueuse et souhaitons montrer dans cet article de blog \u00e0 quoi elle ressemble. Au centre d&rsquo;Oberwald, nos produits sont affin\u00e9s et les emballages \u00e9tiquet\u00e9s, tandis que les ateliers de VEBO s&rsquo;occupent du remplissage, du collage et du soudage de toutes nos fleurs.<\/p>\n\n<p class=\"wp-block-paragraph\">  Les deux institutions VEBO et Zentrum Oberwald offrent un environnement de travail prot\u00e9g\u00e9 aux personnes souffrant d&rsquo;un handicap physique ou psychique. Dans le cadre de nos commandes, nous affinons et emballons des produits qui sont ensuite mis sur le march\u00e9 commercial. Pour les personnes issues des ateliers, qui se trouvent souvent dans une situation difficile, cela permet de participer \u00e0 un secteur important de notre vie sociale.<br\/>Lorsque nous faisons pr\u00e9parer nos produits pour la vente par ces ateliers, nous nous engageons dans une relation commerciale qui va au-del\u00e0 de la rentabilit\u00e9. Chaque commande nous permet d&rsquo;apporter une petite contribution pour que les personnes travaillant dans les ateliers puissent avoir des activit\u00e9s utiles et vari\u00e9es. Cela ne nous pose donc aucun probl\u00e8me que chaque produit ne soit pas parfaitement emball\u00e9 ou coll\u00e9, m\u00eame si cela nous oblige parfois \u00e0 faire quelques retouches. \u00c0 nos yeux, de telles organisations m\u00e9ritent d&rsquo;\u00eatre soutenues et, en particulier \u00e0 une \u00e9poque o\u00f9 les crises se succ\u00e8dent, nous sommes tr\u00e8s heureux de poursuivre ce partenariat.<\/p>\n\n<p class=\"wp-block-paragraph\">Pour vous, nos clients, cela signifie que si, lors de votre prochain achat, l&rsquo;\u00e9tiquette n&rsquo;est pas parfaitement droite sur l&#8217;emballage, il n&rsquo;y a pas lieu de s&rsquo;inqui\u00e9ter. Il s&rsquo;agit bien plus d&rsquo;un signe de l&rsquo;humanit\u00e9 dont sont dot\u00e9s nos produits.<\/p>\n\n<p class=\"wp-block-paragraph\">Tu veux en savoir plus sur notre collaboration avec la VEBO et le centre Oberwald ?  <a href=\"https:\/\/www.herbadiberna.ch\/fr\/contact\/\">Contacte-nous.<\/a><\/p>\n\n<figure class=\"wp-block-gallery aligncenter has-nested-images columns-default wp-block-gallery-1 is-layout-flex wp-block-gallery-is-layout-flex\">\n<figure class=\"wp-block-image size-medium\"><img loading=\"lazy\" decoding=\"async\" width=\"300\" height=\"155\" data-id=\"8745\" src=\"https:\/\/www.herbadiberna.ch\/wp-content\/uploads\/\/Logo-transparent-300x155.png\" alt=\"\" class=\"wp-image-8745\" srcset=\"https:\/\/www.herbadiberna.ch\/wp-content\/uploads\/Logo-transparent-300x155.png 300w, https:\/\/www.herbadiberna.ch\/wp-content\/uploads\/Logo-transparent-1024x529.png 1024w, https:\/\/www.herbadiberna.ch\/wp-content\/uploads\/Logo-transparent-768x397.png 768w, https:\/\/www.herbadiberna.ch\/wp-content\/uploads\/Logo-transparent-1536x794.png 1536w\" sizes=\"auto, (max-width: 300px) 100vw, 300px\" \/><\/figure>\n\n\n\n<figure class=\"wp-block-image size-medium\"><img loading=\"lazy\" decoding=\"async\" width=\"300\" height=\"115\" data-id=\"8749\" src=\"https:\/\/www.herbadiberna.ch\/wp-content\/uploads\/\/logo-vebo-300x115.png\" alt=\"\" class=\"wp-image-8749\" srcset=\"https:\/\/www.herbadiberna.ch\/wp-content\/uploads\/logo-vebo-300x115.png 300w, https:\/\/www.herbadiberna.ch\/wp-content\/uploads\/logo-vebo-768x294.png 768w, https:\/\/www.herbadiberna.ch\/wp-content\/uploads\/logo-vebo-416x159.png 416w, https:\/\/www.herbadiberna.ch\/wp-content\/uploads\/logo-vebo.png 1000w\" sizes=\"auto, (max-width: 300px) 100vw, 300px\" \/><\/figure>\n<\/figure>\n","protected":false},"excerpt":{"rendered":"<p>La collaboration entre nous et les ateliers de VEBO \u00e0 Granges et du centre Oberwald de Soleure est tr\u00e8s importante pour nous. Nous soutenons volontiers cette coop\u00e9ration fructueuse et souhaitons montrer dans cet article de blog \u00e0 quoi elle ressemble. Au centre d&rsquo;Oberwald, nos produits sont affin\u00e9s et les emballages \u00e9tiquet\u00e9s, tandis que les ateliers [&hellip;]<\/p>\n","protected":false},"author":200,"featured_media":12109,"comment_status":"closed","ping_status":"closed","sticky":false,"template":"","format":"standard","meta":{"footnotes":""},"categories":[563,300,207,561],"tags":[305,302,308],"class_list":["post-12391","post","type-post","status-publish","format-standard","has-post-thumbnail","hentry","category-engagement-fr","category-herba-di-berna-fr","category-histoires","category-produits","tag-cooperation","tag-produits","tag-social"],"_links":{"self":[{"href":"https:\/\/www.herbadiberna.ch\/fr\/wp-json\/wp\/v2\/posts\/12391","targetHints":{"allow":["GET"]}}],"collection":[{"href":"https:\/\/www.herbadiberna.ch\/fr\/wp-json\/wp\/v2\/posts"}],"about":[{"href":"https:\/\/www.herbadiberna.ch\/fr\/wp-json\/wp\/v2\/types\/post"}],"author":[{"embeddable":true,"href":"https:\/\/www.herbadiberna.ch\/fr\/wp-json\/wp\/v2\/users\/200"}],"replies":[{"embeddable":true,"href":"https:\/\/www.herbadiberna.ch\/fr\/wp-json\/wp\/v2\/comments?post=12391"}],"version-history":[{"count":3,"href":"https:\/\/www.herbadiberna.ch\/fr\/wp-json\/wp\/v2\/posts\/12391\/revisions"}],"predecessor-version":[{"id":65306,"href":"https:\/\/www.herbadiberna.ch\/fr\/wp-json\/wp\/v2\/posts\/12391\/revisions\/65306"}],"wp:featuredmedia":[{"embeddable":true,"href":"https:\/\/www.herbadiberna.ch\/fr\/wp-json\/wp\/v2\/media\/12109"}],"wp:attachment":[{"href":"https:\/\/www.herbadiberna.ch\/fr\/wp-json\/wp\/v2\/media?parent=12391"}],"wp:term":[{"taxonomy":"category","embeddable":true,"href":"https:\/\/www.herbadiberna.ch\/fr\/wp-json\/wp\/v2\/categories?post=12391"},{"taxonomy":"post_tag","embeddable":true,"href":"https:\/\/www.herbadiberna.ch\/fr\/wp-json\/wp\/v2\/tags?post=12391"}],"curies":[{"name":"wp","href":"https:\/\/api.w.org\/{rel}","templated":true}]}}