{"id":12347,"date":"2021-07-09T12:39:52","date_gmt":"2021-07-09T11:39:52","guid":{"rendered":"https:\/\/www.herbadiberna.ch\/pi-siegenthaler-pour-une-nouvelle-reglementation-de-la-politique-du-cannabis\/"},"modified":"2026-07-02T06:18:05","modified_gmt":"2026-07-02T05:18:05","slug":"pi-siegenthaler-pour-une-nouvelle-reglementation-de-la-politique-du-cannabis","status":"publish","type":"post","link":"https:\/\/www.herbadiberna.ch\/fr\/blog\/pi-siegenthaler-pour-une-nouvelle-reglementation-de-la-politique-du-cannabis\/","title":{"rendered":"PI Siegenthaler pour une nouvelle r\u00e9glementation de la politique du cannabis"},"content":{"rendered":"\n<p class=\"wp-block-paragraph\">Le conseiller national Heinz Siegenthaler (au centre) a d\u00e9pos\u00e9 il y a quelque temps une initiative parlementaire (IP) demandant une nouvelle r\u00e9glementation d&rsquo;envergure concernant la culture, la production, le commerce et la consommation de cannabis contenant du THC. Avec cette exigence, l&rsquo;initiative, qui a \u00e9t\u00e9 cosign\u00e9e par une quarantaine de parlementaires*, s&rsquo;appuie sur une recommandation de la Commission f\u00e9d\u00e9rale pour les questions de d\u00e9pendance. En avril, l&rsquo;initiative a \u00e9t\u00e9 adopt\u00e9e par la Commission de la s\u00e9curit\u00e9 sociale et de la sant\u00e9 publique du Conseil national (CSSS-N) par 13 voix contre 11. Cela laisse esp\u00e9rer un grand pas en avant vers un march\u00e9 du cannabis l\u00e9gal et r\u00e9glement\u00e9 de mani\u00e8re coh\u00e9rente, ce qui ouvrirait de nouvelles possibilit\u00e9s \u00e0 l&rsquo;industrie du cannabis en pleine croissance.   <\/p>\n\n<p class=\"wp-block-paragraph\">Une \u00ab nouvelle r\u00e9glementation \u00bb de la politique en mati\u00e8re de cannabis en Suisse : qu&rsquo;est-ce que cela signifie concr\u00e8tement ? L&rsquo;association PI Siegenthaler s&rsquo;est fix\u00e9 les objectifs suivants :<br\/> - Le mod\u00e8le des quatre piliers de la politique suisse en mati\u00e8re de drogues (pr\u00e9vention, traitement, r\u00e9duction des risques et r\u00e9pression) est pris en compte<br\/> - La production et le commerce sont contr\u00f4l\u00e9s par des organismes publics, notamment en ce qui concerne la protection des jeunes et des consommateur\u00b7rice\u00b7s<br\/> - Le march\u00e9 m\u00e9dical doit \u00eatre clairement s\u00e9par\u00e9 du march\u00e9 non m\u00e9dical<br\/> - La lev\u00e9e de la prohibition doit entra\u00eener l\u2019ass\u00e8chement du march\u00e9 noir<br\/> - La promotion et la taxation des produits \u00e0 base de cannabis sont r\u00e9glement\u00e9es<br\/> - La culture priv\u00e9e \u00e0 des fins personnelles est r\u00e9glement\u00e9e <\/p>\n\n<p class=\"wp-block-paragraph\">PI Siegenthaler reconna\u00eet le fait que notre politique actuelle d&rsquo;interdiction a manifestement \u00e9chou\u00e9. Malgr\u00e9 la prohibition, il y a en Suisse environ 300&rsquo;000 personnes qui consomment r\u00e9guli\u00e8rement du cannabis. Ils le font tout simplement via le march\u00e9 noir, ce qui entra\u00eene de gros probl\u00e8mes sociaux et sanitaires. Par exemple, les produits vendus sur le march\u00e9 noir sont souvent m\u00e9lang\u00e9s \u00e0 des substances artificielles et toxiques, ce qui peut entra\u00eener de graves probl\u00e8mes de sant\u00e9. En outre, outre l&rsquo;absence de contr\u00f4les de qualit\u00e9, la protection et l&rsquo;information des consommateurs* sont pratiquement inexistantes. En revanche, la possibilit\u00e9 de g\u00e9n\u00e9rer des recettes fiscales dans le cadre d&rsquo;une distribution l\u00e9gale et r\u00e9glement\u00e9e, comme c&rsquo;est le cas pour le tabac et l&rsquo;alcool, permet de faire progresser la pr\u00e9vention des d\u00e9pendances et la protection de la jeunesse.     <\/p>\n\n<p class=\"wp-block-paragraph\">Nous sommes heureux que cette initiative parlementaire permette de lancer un dialogue passionnant. De notre point de vue, la situation actuelle, avec son incoh\u00e9rence juridique et morale, est totalement inopportune. Une nouvelle r\u00e9glementation offre la possibilit\u00e9 de mieux exploiter les nombreuses et diverses possibilit\u00e9s d&rsquo;utilisation de la plante de chanvre. L&rsquo;IP Siegenthaler permettrait du m\u00eame coup de prendre connaissance de l&rsquo;\u00e9tat actuel de la science, qui d\u00e9montre clairement que la consommation de cannabis n&rsquo;est pas plus nocive que celle de l&rsquo;alcool et du tabac.     <\/p>\n\n<p class=\"wp-block-paragraph\">La prochaine \u00e9tape de l&rsquo;IP Siegenthaler sera de passer devant la commission de la sant\u00e9 du Conseil des Etats, puis devant le Conseil national, qui se saisira du projet avant le Conseil des Etats. Bien entendu, nous vous tiendrons au courant de l&rsquo;\u00e9volution de cette discussion. <\/p>\n","protected":false},"excerpt":{"rendered":"<p>Le conseiller national Heinz Siegenthaler (au centre) a d\u00e9pos\u00e9 il y a quelque temps une initiative parlementaire (IP) demandant une nouvelle r\u00e9glementation d&rsquo;envergure concernant la culture, la production, le commerce et la consommation de cannabis contenant du THC. Avec cette exigence, l&rsquo;initiative, qui a \u00e9t\u00e9 cosign\u00e9e par une quarantaine de parlementaires*, s&rsquo;appuie sur une recommandation [&hellip;]<\/p>\n","protected":false},"author":200,"featured_media":11397,"comment_status":"closed","ping_status":"closed","sticky":false,"template":"","format":"standard","meta":{"footnotes":""},"categories":[206,560,558],"tags":[1298,1302,1266,1299,1301,1297,1268,1300,1265,1264],"class_list":["post-12347","post","type-post","status-publish","format-standard","has-post-thumbnail","hentry","category-actualites","category-connaissance","category-politique","tag-acheter-de-lhuile-de-cbd","tag-acheter-du-cbd-durable-en-ligne-suisse","tag-culture-de-cbd-en-suisse","tag-fleurs-de-cbd-de-haute-qualite-en-provenance-de-suisse","tag-fleurs-de-cbd-harlequin-primees","tag-fleurs-de-cbd-suisse","tag-le-cbd-contre-le-stress-et-linsomnie","tag-produits-cbd-avec-livraison-rapide-suisse","tag-produits-de-chanvre-certifies-biologiques","tag-produits-sans-thc-suisse"],"_links":{"self":[{"href":"https:\/\/www.herbadiberna.ch\/fr\/wp-json\/wp\/v2\/posts\/12347","targetHints":{"allow":["GET"]}}],"collection":[{"href":"https:\/\/www.herbadiberna.ch\/fr\/wp-json\/wp\/v2\/posts"}],"about":[{"href":"https:\/\/www.herbadiberna.ch\/fr\/wp-json\/wp\/v2\/types\/post"}],"author":[{"embeddable":true,"href":"https:\/\/www.herbadiberna.ch\/fr\/wp-json\/wp\/v2\/users\/200"}],"replies":[{"embeddable":true,"href":"https:\/\/www.herbadiberna.ch\/fr\/wp-json\/wp\/v2\/comments?post=12347"}],"version-history":[{"count":3,"href":"https:\/\/www.herbadiberna.ch\/fr\/wp-json\/wp\/v2\/posts\/12347\/revisions"}],"predecessor-version":[{"id":88703,"href":"https:\/\/www.herbadiberna.ch\/fr\/wp-json\/wp\/v2\/posts\/12347\/revisions\/88703"}],"wp:featuredmedia":[{"embeddable":true,"href":"https:\/\/www.herbadiberna.ch\/fr\/wp-json\/wp\/v2\/media\/11397"}],"wp:attachment":[{"href":"https:\/\/www.herbadiberna.ch\/fr\/wp-json\/wp\/v2\/media?parent=12347"}],"wp:term":[{"taxonomy":"category","embeddable":true,"href":"https:\/\/www.herbadiberna.ch\/fr\/wp-json\/wp\/v2\/categories?post=12347"},{"taxonomy":"post_tag","embeddable":true,"href":"https:\/\/www.herbadiberna.ch\/fr\/wp-json\/wp\/v2\/tags?post=12347"}],"curies":[{"name":"wp","href":"https:\/\/api.w.org\/{rel}","templated":true}]}}