{"id":12344,"date":"2021-03-31T13:17:51","date_gmt":"2021-03-31T12:17:51","guid":{"rendered":"https:\/\/www.herbadiberna.ch\/culture-legale-et-distribution-simplifiee-de-medicaments-a-base-de-cannabis\/"},"modified":"2025-12-19T11:38:00","modified_gmt":"2025-12-19T10:38:00","slug":"culture-legale-et-distribution-simplifiee-de-medicaments-a-base-de-cannabis","status":"publish","type":"post","link":"https:\/\/www.herbadiberna.ch\/fr\/blog\/culture-legale-et-distribution-simplifiee-de-medicaments-a-base-de-cannabis\/","title":{"rendered":"Culture l\u00e9gale et distribution simplifi\u00e9e de m\u00e9dicaments \u00e0 base de cannabis"},"content":{"rendered":"<div class=\"wp-block-image\">\n<figure class=\"aligncenter size-large\"><img loading=\"lazy\" decoding=\"async\" width=\"1024\" height=\"284\" src=\"https:\/\/www.herbadiberna.ch\/wp-content\/uploads\/\/603DF0C2-B6C2-49AB-999E-073884AD9F56-1024x284.png\" alt=\"Culture de cannabis comment cultiver le CBD  \" class=\"wp-image-6113\" srcset=\"https:\/\/www.herbadiberna.ch\/wp-content\/uploads\/603DF0C2-B6C2-49AB-999E-073884AD9F56-1024x284.png 1024w, https:\/\/www.herbadiberna.ch\/wp-content\/uploads\/603DF0C2-B6C2-49AB-999E-073884AD9F56-300x83.png 300w, https:\/\/www.herbadiberna.ch\/wp-content\/uploads\/603DF0C2-B6C2-49AB-999E-073884AD9F56-768x213.png 768w, https:\/\/www.herbadiberna.ch\/wp-content\/uploads\/603DF0C2-B6C2-49AB-999E-073884AD9F56-1536x427.png 1536w, https:\/\/www.herbadiberna.ch\/wp-content\/uploads\/603DF0C2-B6C2-49AB-999E-073884AD9F56-2048x569.png 2048w, https:\/\/www.herbadiberna.ch\/wp-content\/uploads\/603DF0C2-B6C2-49AB-999E-073884AD9F56-416x116.png 416w\" sizes=\"auto, (max-width: 1024px) 100vw, 1024px\" \/><\/figure>\n<\/div>\n<p class=\"wp-block-paragraph\">Lors du vote final de la session de printemps 2021, le Conseil national et le Conseil des Etats ont approuv\u00e9 l&rsquo;objet 20.060 relatif \u00e0 une modification de la loi sur les stup\u00e9fiants. Celle-ci pr\u00e9voit que la culture et la prescription m\u00e9dicale de chanvre m\u00e9dical pourront \u00e0 l&rsquo;avenir \u00eatre prescrites sans autorisation exceptionnelle de l&rsquo;Office f\u00e9d\u00e9ral de la sant\u00e9 publique (OFSP). Le d\u00e9lai r\u00e9f\u00e9rendaire court \u00e0 pr\u00e9sent. Le Conseil f\u00e9d\u00e9ral doit maintenant adapter l&rsquo;ordonnance et fixer la date d&rsquo;entr\u00e9e en vigueur.<\/p>\n\n<p class=\"wp-block-paragraph\">Cette \u00e9tape ne se fera pas du jour au lendemain, mais la voie est trac\u00e9e et pr\u00e9visible. Les discussions sur la couverture des m\u00e9dicaments \u00e0 base de cannabis par les caisses d&rsquo;assurance maladie vont maintenant suivre dans les ann\u00e9es \u00e0 venir - car tant qu&rsquo;ils ne seront pas couverts, peu de gens pourront sans doute s&rsquo;offrir ces rem\u00e8des.<\/p>\n\n<p class=\"wp-block-paragraph\">Gauche :<br\/>-  <a href=\"https:\/\/www.parlament.ch\/de\/ratsbetrieb\/suche-curia-vista\/geschaeft?AffairId=20200060\">Loi sur les stup\u00e9fiants. Modification (m\u00e9dicaments \u00e0 base de cannabis) (parlament.ch)<\/a><br\/>- <a href=\"https:\/\/www.hanflegal.ch\/wiki\/aktuelles\/medizinalhanf\">Chanvre m\u00e9dical (hanflegal.ch)<\/a><\/p>\n\n<p class=\"wp-block-paragraph\"><\/p>\n","protected":false},"excerpt":{"rendered":"<p>Lors du vote final de la session de printemps 2021, le Conseil national et le Conseil des Etats ont approuv\u00e9 l&rsquo;objet 20.060 relatif \u00e0 une modification de la loi sur les stup\u00e9fiants. Celle-ci pr\u00e9voit que la culture et la prescription m\u00e9dicale de chanvre m\u00e9dical pourront \u00e0 l&rsquo;avenir \u00eatre prescrites sans autorisation exceptionnelle de l&rsquo;Office f\u00e9d\u00e9ral [&hellip;]<\/p>\n","protected":false},"author":4,"featured_media":76010,"comment_status":"closed","ping_status":"closed","sticky":false,"template":"","format":"standard","meta":{"footnotes":""},"categories":[206,558,559],"tags":[265,259,212,266,268,233,215,223,241],"class_list":["post-12344","post","type-post","status-publish","format-standard","has-post-thumbnail","hentry","category-actualites","category-politique","category-protection-des-consommateurs","tag-cannabis-fr","tag-chanvre-medical","tag-legalisation","tag-medicaments-a-base-de-cannabis","tag-parlement","tag-politique","tag-politique-du-cannabis","tag-politique-interieure","tag-suisse"],"_links":{"self":[{"href":"https:\/\/www.herbadiberna.ch\/fr\/wp-json\/wp\/v2\/posts\/12344","targetHints":{"allow":["GET"]}}],"collection":[{"href":"https:\/\/www.herbadiberna.ch\/fr\/wp-json\/wp\/v2\/posts"}],"about":[{"href":"https:\/\/www.herbadiberna.ch\/fr\/wp-json\/wp\/v2\/types\/post"}],"author":[{"embeddable":true,"href":"https:\/\/www.herbadiberna.ch\/fr\/wp-json\/wp\/v2\/users\/4"}],"replies":[{"embeddable":true,"href":"https:\/\/www.herbadiberna.ch\/fr\/wp-json\/wp\/v2\/comments?post=12344"}],"version-history":[{"count":2,"href":"https:\/\/www.herbadiberna.ch\/fr\/wp-json\/wp\/v2\/posts\/12344\/revisions"}],"predecessor-version":[{"id":76014,"href":"https:\/\/www.herbadiberna.ch\/fr\/wp-json\/wp\/v2\/posts\/12344\/revisions\/76014"}],"wp:featuredmedia":[{"embeddable":true,"href":"https:\/\/www.herbadiberna.ch\/fr\/wp-json\/wp\/v2\/media\/76010"}],"wp:attachment":[{"href":"https:\/\/www.herbadiberna.ch\/fr\/wp-json\/wp\/v2\/media?parent=12344"}],"wp:term":[{"taxonomy":"category","embeddable":true,"href":"https:\/\/www.herbadiberna.ch\/fr\/wp-json\/wp\/v2\/categories?post=12344"},{"taxonomy":"post_tag","embeddable":true,"href":"https:\/\/www.herbadiberna.ch\/fr\/wp-json\/wp\/v2\/tags?post=12344"}],"curies":[{"name":"wp","href":"https:\/\/api.w.org\/{rel}","templated":true}]}}